{"id":47684,"date":"2025-08-15T12:37:14","date_gmt":"2025-08-15T19:37:14","guid":{"rendered":"https:\/\/www.newmexicopbs.org\/productions\/newmexicoinfocus\/?p=47684"},"modified":"2025-08-21T16:29:09","modified_gmt":"2025-08-21T23:29:09","slug":"deadline-for-education-fixes-looms-biz-on-the-rez","status":"publish","type":"post","link":"https:\/\/www.newmexicopbs.org\/productions\/newmexicoinfocus\/deadline-for-education-fixes-looms-biz-on-the-rez\/","title":{"rendered":"Deadline for Education Fixes Looms; Biz on the Rez"},"content":{"rendered":"\n<div class=\"pbs-viral-player-wrapper\" style=\"position: relative; padding-top: calc(56.25% + 43px);\"><iframe src=\"https:\/\/player.pbs.org\/viralplayer\/3103771174\/\" allowfullscreen allow=\"encrypted-media\" style=\"position: absolute; top: 0; width: 100%; height: 100%; border: 0;\"><\/iframe><\/div>\n\n\n\n<div style=\"height:20px\" aria-hidden=\"true\" class=\"wp-block-spacer\"><\/div>\n\n\n\n<p>This week on New Mexico in Focus, host Nash Jones heads to the Mescalero Apache Reservation for a community feedback meeting organized by the state&#8217;s Public Education Department. This is one of about a dozen in-person and virtual meetings across the state this month to get input for PED&#8217;s new plan to meet compliance with court orders under the Yazzie\/Martinez lawsuit. &nbsp;<\/p>\n\n\n\n<p>Democratic U.S. Rep. Teresa Leger Fernandez is back in New Mexico this month as Congress is on recess throughout the month of August. While here, the congresswoman is updating her constituents on all that&#8217;s gone down this year in Washington, D.C. This week, Nash speaks with Leger Fernandez about the Trump administration&#8217;s approach to immigration enforcement.<\/p>\n\n\n\n<p>For the latest edition of Indigenously Positive \u2014 our collaborative series with nonprofit news organization New Mexico In Depth \u2014 Correspondent Bella Davis introduces us to the co-founders of Change Labs, a nonprofit that connects and supports entrepreneurs on tribal lands. &nbsp;<\/p>\n\n\n\n<p>Journalist and media executive Sara Kehaulani Goo sits down with Correspondent Russell Contreras to discuss her new book, &#8220;Kuleana: A Story of Family, Land, and Legacy in Old Hawai&#8217;i.\u201d Goo tells Russell how the book covers both her struggles to protect land given to her family several generations ago, as well as the long history of Indigenous land rights in Hawai&#8217;i.&nbsp;<\/p>\n\n\n\n<p>Host: Nash Jones<\/p>\n\n\n\n<p>Segments:<br><em>Education Dept Gets Feedback on Native Student Needs<\/em><br>Correspondent: Nash Jones<br>Photojournalists: Joey Dunn and RJ Torres<br>Guests: Ariel Aguilar (Mescalero Apache), Former student<br>Thora Padilla, President, Mescalero Apache Tribe<br>Rosalinda Baeza, Mid\/High Principal, Mescalero Apache Schools<br>Mariana Padilla, Secretary, New Mexico Public Education Department<br>John Sena, Director, Legislative Education Study Committee<\/p>\n\n\n\n<p><em>Rep. Leger Fernandez on ICE and Immigration Under Trump<\/em><br>Correspondent: Nash Jones<br>Guest: U.S. Rep. Teresa Leger Fernandez, D-N.M.<\/p>\n\n\n\n<p><em>Native Entrepreneurs are Changing Rez Life<\/em><br>Producers: Bella Davis (Yurok) and Benjamin C Yazza (Din\u00e9)<br>Photojournalist: Joey Dunn (Din\u00e9)<br>Guests: Roddell Denetso (Navajo), Black Streak Apparel Owner<br>Heather Fleming (Din\u00e9), Change Labs Co-Founder &amp; Executive Director<br>Jessica Stago (Din\u00e9 \/ Apache), Change Labs Co-Founder<br>Racquel Black (Din\u00e9), Entrepreneurship Hub Manager<\/p>\n\n\n\n<p><em>Sara Kehaulani Goo on Hawai\u2019i and New Book, &#8220;Kuleana&#8230;&#8221;<\/em><br>Correspondent: Russell Contreras<br>Guest: Sara Kehaulani Goo, Journalist and Author&nbsp;&nbsp;&nbsp;&nbsp;<\/p>\n","protected":false},"excerpt":{"rendered":"<p>This week on New Mexico in Focus, host Nash Jones heads to the Mescalero Apache Reservation for a community feedback meeting organized by the state&#8217;s Public Education Department. This is one of about a dozen in-person and virtual meetings across the state this month to get input for PED&#8217;s new plan to meet compliance with&hellip;<\/p>\n","protected":false},"author":14,"featured_media":47740,"comment_status":"closed","ping_status":"open","sticky":false,"template":"","format":"standard","meta":{"footnotes":""},"categories":[218],"tags":[],"class_list":["post-47684","post","type-post","status-publish","format-standard","has-post-thumbnail","hentry","category-episode"],"yoast_head":"<!-- This site is optimized with the Yoast SEO plugin v27.4 - https:\/\/yoast.com\/product\/yoast-seo-wordpress\/ -->\n<title>Deadline for Education Fixes Looms; Biz on the Rez - New Mexico In Focus<\/title>\n<meta name=\"robots\" content=\"index, follow, max-snippet:-1, max-image-preview:large, max-video-preview:-1\" \/>\n<link rel=\"canonical\" href=\"https:\/\/www.newmexicopbs.org\/productions\/newmexicoinfocus\/deadline-for-education-fixes-looms-biz-on-the-rez\/\" \/>\n<meta property=\"og:locale\" content=\"en_US\" \/>\n<meta property=\"og:type\" content=\"article\" \/>\n<meta property=\"og:title\" content=\"Deadline for Education Fixes Looms; Biz on the Rez - New Mexico In Focus\" \/>\n<meta property=\"og:description\" content=\"This week on New Mexico in Focus, host Nash Jones heads to the Mescalero Apache Reservation for a community feedback meeting organized by the state&#8217;s Public Education Department. This is one of about a dozen in-person and virtual meetings across the state this month to get input for PED&#8217;s new plan to meet compliance with&hellip;\" \/>\n<meta property=\"og:url\" content=\"https:\/\/www.newmexicopbs.org\/productions\/newmexicoinfocus\/deadline-for-education-fixes-looms-biz-on-the-rez\/\" \/>\n<meta property=\"og:site_name\" content=\"New Mexico In Focus\" \/>\n<meta property=\"article:published_time\" content=\"2025-08-15T19:37:14+00:00\" \/>\n<meta property=\"article:modified_time\" content=\"2025-08-21T23:29:09+00:00\" \/>\n<meta property=\"og:image\" content=\"https:\/\/www.newmexicopbs.org\/productions\/newmexicoinfocus\/wp-content\/uploads\/2025\/08\/IP-Bus-4.jpg\" \/>\n\t<meta property=\"og:image:width\" content=\"1920\" \/>\n\t<meta property=\"og:image:height\" content=\"1081\" \/>\n\t<meta property=\"og:image:type\" content=\"image\/jpeg\" \/>\n<meta name=\"author\" content=\"Myah Wilmarth\" \/>\n<meta name=\"twitter:card\" content=\"summary_large_image\" \/>\n<meta name=\"twitter:label1\" content=\"Written by\" \/>\n\t<meta name=\"twitter:data1\" content=\"Myah Wilmarth\" \/>\n\t<meta name=\"twitter:label2\" content=\"Est. reading time\" \/>\n\t<meta name=\"twitter:data2\" content=\"2 minutes\" \/>\n<script type=\"application\/ld+json\" class=\"yoast-schema-graph\">{\"@context\":\"https:\\\/\\\/schema.org\",\"@graph\":[{\"@type\":\"NewsArticle\",\"@id\":\"https:\\\/\\\/www.newmexicopbs.org\\\/productions\\\/newmexicoinfocus\\\/deadline-for-education-fixes-looms-biz-on-the-rez\\\/#article\",\"isPartOf\":{\"@id\":\"https:\\\/\\\/www.newmexicopbs.org\\\/productions\\\/newmexicoinfocus\\\/deadline-for-education-fixes-looms-biz-on-the-rez\\\/\"},\"author\":{\"name\":\"Myah Wilmarth\",\"@id\":\"https:\\\/\\\/www.newmexicopbs.org\\\/productions\\\/newmexicoinfocus\\\/#\\\/schema\\\/person\\\/1e9e7899d475db7fec255f4def0fecc9\"},\"headline\":\"Deadline for Education Fixes Looms; Biz on the Rez\",\"datePublished\":\"2025-08-15T19:37:14+00:00\",\"dateModified\":\"2025-08-21T23:29:09+00:00\",\"mainEntityOfPage\":{\"@id\":\"https:\\\/\\\/www.newmexicopbs.org\\\/productions\\\/newmexicoinfocus\\\/deadline-for-education-fixes-looms-biz-on-the-rez\\\/\"},\"wordCount\":378,\"image\":{\"@id\":\"https:\\\/\\\/www.newmexicopbs.org\\\/productions\\\/newmexicoinfocus\\\/deadline-for-education-fixes-looms-biz-on-the-rez\\\/#primaryimage\"},\"thumbnailUrl\":\"https:\\\/\\\/www.newmexicopbs.org\\\/productions\\\/newmexicoinfocus\\\/wp-content\\\/uploads\\\/2025\\\/08\\\/IP-Bus-4.jpg\",\"articleSection\":[\"Episode\"],\"inLanguage\":\"en-US\"},{\"@type\":\"WebPage\",\"@id\":\"https:\\\/\\\/www.newmexicopbs.org\\\/productions\\\/newmexicoinfocus\\\/deadline-for-education-fixes-looms-biz-on-the-rez\\\/\",\"url\":\"https:\\\/\\\/www.newmexicopbs.org\\\/productions\\\/newmexicoinfocus\\\/deadline-for-education-fixes-looms-biz-on-the-rez\\\/\",\"name\":\"Deadline for Education Fixes Looms; Biz on the Rez - New Mexico In Focus\",\"isPartOf\":{\"@id\":\"https:\\\/\\\/www.newmexicopbs.org\\\/productions\\\/newmexicoinfocus\\\/#website\"},\"primaryImageOfPage\":{\"@id\":\"https:\\\/\\\/www.newmexicopbs.org\\\/productions\\\/newmexicoinfocus\\\/deadline-for-education-fixes-looms-biz-on-the-rez\\\/#primaryimage\"},\"image\":{\"@id\":\"https:\\\/\\\/www.newmexicopbs.org\\\/productions\\\/newmexicoinfocus\\\/deadline-for-education-fixes-looms-biz-on-the-rez\\\/#primaryimage\"},\"thumbnailUrl\":\"https:\\\/\\\/www.newmexicopbs.org\\\/productions\\\/newmexicoinfocus\\\/wp-content\\\/uploads\\\/2025\\\/08\\\/IP-Bus-4.jpg\",\"datePublished\":\"2025-08-15T19:37:14+00:00\",\"dateModified\":\"2025-08-21T23:29:09+00:00\",\"author\":{\"@id\":\"https:\\\/\\\/www.newmexicopbs.org\\\/productions\\\/newmexicoinfocus\\\/#\\\/schema\\\/person\\\/1e9e7899d475db7fec255f4def0fecc9\"},\"breadcrumb\":{\"@id\":\"https:\\\/\\\/www.newmexicopbs.org\\\/productions\\\/newmexicoinfocus\\\/deadline-for-education-fixes-looms-biz-on-the-rez\\\/#breadcrumb\"},\"inLanguage\":\"en-US\",\"potentialAction\":[{\"@type\":\"ReadAction\",\"target\":[\"https:\\\/\\\/www.newmexicopbs.org\\\/productions\\\/newmexicoinfocus\\\/deadline-for-education-fixes-looms-biz-on-the-rez\\\/\"]}]},{\"@type\":\"ImageObject\",\"inLanguage\":\"en-US\",\"@id\":\"https:\\\/\\\/www.newmexicopbs.org\\\/productions\\\/newmexicoinfocus\\\/deadline-for-education-fixes-looms-biz-on-the-rez\\\/#primaryimage\",\"url\":\"https:\\\/\\\/www.newmexicopbs.org\\\/productions\\\/newmexicoinfocus\\\/wp-content\\\/uploads\\\/2025\\\/08\\\/IP-Bus-4.jpg\",\"contentUrl\":\"https:\\\/\\\/www.newmexicopbs.org\\\/productions\\\/newmexicoinfocus\\\/wp-content\\\/uploads\\\/2025\\\/08\\\/IP-Bus-4.jpg\",\"width\":1920,\"height\":1081,\"caption\":\"A man in a Black Street Modern t-shirt stands behind a counter, talking to a woman with long hair in a store or office setting.\"},{\"@type\":\"BreadcrumbList\",\"@id\":\"https:\\\/\\\/www.newmexicopbs.org\\\/productions\\\/newmexicoinfocus\\\/deadline-for-education-fixes-looms-biz-on-the-rez\\\/#breadcrumb\",\"itemListElement\":[{\"@type\":\"ListItem\",\"position\":1,\"name\":\"Home\",\"item\":\"https:\\\/\\\/www.newmexicopbs.org\\\/productions\\\/newmexicoinfocus\\\/\"},{\"@type\":\"ListItem\",\"position\":2,\"name\":\"Deadline for Education Fixes Looms; Biz on the Rez\"}]},{\"@type\":\"WebSite\",\"@id\":\"https:\\\/\\\/www.newmexicopbs.org\\\/productions\\\/newmexicoinfocus\\\/#website\",\"url\":\"https:\\\/\\\/www.newmexicopbs.org\\\/productions\\\/newmexicoinfocus\\\/\",\"name\":\"New Mexico In Focus\",\"description\":\"Involved, Informed, In-depth Journalism\",\"potentialAction\":[{\"@type\":\"SearchAction\",\"target\":{\"@type\":\"EntryPoint\",\"urlTemplate\":\"https:\\\/\\\/www.newmexicopbs.org\\\/productions\\\/newmexicoinfocus\\\/?s={search_term_string}\"},\"query-input\":{\"@type\":\"PropertyValueSpecification\",\"valueRequired\":true,\"valueName\":\"search_term_string\"}}],\"inLanguage\":\"en-US\"},{\"@type\":\"Person\",\"@id\":\"https:\\\/\\\/www.newmexicopbs.org\\\/productions\\\/newmexicoinfocus\\\/#\\\/schema\\\/person\\\/1e9e7899d475db7fec255f4def0fecc9\",\"name\":\"Myah Wilmarth\",\"image\":{\"@type\":\"ImageObject\",\"inLanguage\":\"en-US\",\"@id\":\"https:\\\/\\\/secure.gravatar.com\\\/avatar\\\/8da23173f443f0d7b4de196f42fca2c5efe5a110156a3e8c9bdb8e74726bb6ce?s=96&d=mm&r=g\",\"url\":\"https:\\\/\\\/secure.gravatar.com\\\/avatar\\\/8da23173f443f0d7b4de196f42fca2c5efe5a110156a3e8c9bdb8e74726bb6ce?s=96&d=mm&r=g\",\"contentUrl\":\"https:\\\/\\\/secure.gravatar.com\\\/avatar\\\/8da23173f443f0d7b4de196f42fca2c5efe5a110156a3e8c9bdb8e74726bb6ce?s=96&d=mm&r=g\",\"caption\":\"Myah Wilmarth\"},\"url\":\"https:\\\/\\\/www.newmexicopbs.org\\\/productions\\\/newmexicoinfocus\\\/author\\\/myah\\\/\"}]}<\/script>\n<!-- \/ Yoast SEO plugin. -->","yoast_head_json":{"title":"Deadline for Education Fixes Looms; Biz on the Rez - New Mexico In Focus","robots":{"index":"index","follow":"follow","max-snippet":"max-snippet:-1","max-image-preview":"max-image-preview:large","max-video-preview":"max-video-preview:-1"},"canonical":"https:\/\/www.newmexicopbs.org\/productions\/newmexicoinfocus\/deadline-for-education-fixes-looms-biz-on-the-rez\/","og_locale":"en_US","og_type":"article","og_title":"Deadline for Education Fixes Looms; Biz on the Rez - New Mexico In Focus","og_description":"This week on New Mexico in Focus, host Nash Jones heads to the Mescalero Apache Reservation for a community feedback meeting organized by the state&#8217;s Public Education Department. This is one of about a dozen in-person and virtual meetings across the state this month to get input for PED&#8217;s new plan to meet compliance with&hellip;","og_url":"https:\/\/www.newmexicopbs.org\/productions\/newmexicoinfocus\/deadline-for-education-fixes-looms-biz-on-the-rez\/","og_site_name":"New Mexico In Focus","article_published_time":"2025-08-15T19:37:14+00:00","article_modified_time":"2025-08-21T23:29:09+00:00","og_image":[{"width":1920,"height":1081,"url":"https:\/\/www.newmexicopbs.org\/productions\/newmexicoinfocus\/wp-content\/uploads\/2025\/08\/IP-Bus-4.jpg","type":"image\/jpeg"}],"author":"Myah Wilmarth","twitter_card":"summary_large_image","twitter_misc":{"Written by":"Myah Wilmarth","Est. reading time":"2 minutes"},"schema":{"@context":"https:\/\/schema.org","@graph":[{"@type":"NewsArticle","@id":"https:\/\/www.newmexicopbs.org\/productions\/newmexicoinfocus\/deadline-for-education-fixes-looms-biz-on-the-rez\/#article","isPartOf":{"@id":"https:\/\/www.newmexicopbs.org\/productions\/newmexicoinfocus\/deadline-for-education-fixes-looms-biz-on-the-rez\/"},"author":{"name":"Myah Wilmarth","@id":"https:\/\/www.newmexicopbs.org\/productions\/newmexicoinfocus\/#\/schema\/person\/1e9e7899d475db7fec255f4def0fecc9"},"headline":"Deadline for Education Fixes Looms; Biz on the Rez","datePublished":"2025-08-15T19:37:14+00:00","dateModified":"2025-08-21T23:29:09+00:00","mainEntityOfPage":{"@id":"https:\/\/www.newmexicopbs.org\/productions\/newmexicoinfocus\/deadline-for-education-fixes-looms-biz-on-the-rez\/"},"wordCount":378,"image":{"@id":"https:\/\/www.newmexicopbs.org\/productions\/newmexicoinfocus\/deadline-for-education-fixes-looms-biz-on-the-rez\/#primaryimage"},"thumbnailUrl":"https:\/\/www.newmexicopbs.org\/productions\/newmexicoinfocus\/wp-content\/uploads\/2025\/08\/IP-Bus-4.jpg","articleSection":["Episode"],"inLanguage":"en-US"},{"@type":"WebPage","@id":"https:\/\/www.newmexicopbs.org\/productions\/newmexicoinfocus\/deadline-for-education-fixes-looms-biz-on-the-rez\/","url":"https:\/\/www.newmexicopbs.org\/productions\/newmexicoinfocus\/deadline-for-education-fixes-looms-biz-on-the-rez\/","name":"Deadline for Education Fixes Looms; Biz on the Rez - New Mexico In Focus","isPartOf":{"@id":"https:\/\/www.newmexicopbs.org\/productions\/newmexicoinfocus\/#website"},"primaryImageOfPage":{"@id":"https:\/\/www.newmexicopbs.org\/productions\/newmexicoinfocus\/deadline-for-education-fixes-looms-biz-on-the-rez\/#primaryimage"},"image":{"@id":"https:\/\/www.newmexicopbs.org\/productions\/newmexicoinfocus\/deadline-for-education-fixes-looms-biz-on-the-rez\/#primaryimage"},"thumbnailUrl":"https:\/\/www.newmexicopbs.org\/productions\/newmexicoinfocus\/wp-content\/uploads\/2025\/08\/IP-Bus-4.jpg","datePublished":"2025-08-15T19:37:14+00:00","dateModified":"2025-08-21T23:29:09+00:00","author":{"@id":"https:\/\/www.newmexicopbs.org\/productions\/newmexicoinfocus\/#\/schema\/person\/1e9e7899d475db7fec255f4def0fecc9"},"breadcrumb":{"@id":"https:\/\/www.newmexicopbs.org\/productions\/newmexicoinfocus\/deadline-for-education-fixes-looms-biz-on-the-rez\/#breadcrumb"},"inLanguage":"en-US","potentialAction":[{"@type":"ReadAction","target":["https:\/\/www.newmexicopbs.org\/productions\/newmexicoinfocus\/deadline-for-education-fixes-looms-biz-on-the-rez\/"]}]},{"@type":"ImageObject","inLanguage":"en-US","@id":"https:\/\/www.newmexicopbs.org\/productions\/newmexicoinfocus\/deadline-for-education-fixes-looms-biz-on-the-rez\/#primaryimage","url":"https:\/\/www.newmexicopbs.org\/productions\/newmexicoinfocus\/wp-content\/uploads\/2025\/08\/IP-Bus-4.jpg","contentUrl":"https:\/\/www.newmexicopbs.org\/productions\/newmexicoinfocus\/wp-content\/uploads\/2025\/08\/IP-Bus-4.jpg","width":1920,"height":1081,"caption":"A man in a Black Street Modern t-shirt stands behind a counter, talking to a woman with long hair in a store or office setting."},{"@type":"BreadcrumbList","@id":"https:\/\/www.newmexicopbs.org\/productions\/newmexicoinfocus\/deadline-for-education-fixes-looms-biz-on-the-rez\/#breadcrumb","itemListElement":[{"@type":"ListItem","position":1,"name":"Home","item":"https:\/\/www.newmexicopbs.org\/productions\/newmexicoinfocus\/"},{"@type":"ListItem","position":2,"name":"Deadline for Education Fixes Looms; Biz on the Rez"}]},{"@type":"WebSite","@id":"https:\/\/www.newmexicopbs.org\/productions\/newmexicoinfocus\/#website","url":"https:\/\/www.newmexicopbs.org\/productions\/newmexicoinfocus\/","name":"New Mexico In Focus","description":"Involved, Informed, In-depth Journalism","potentialAction":[{"@type":"SearchAction","target":{"@type":"EntryPoint","urlTemplate":"https:\/\/www.newmexicopbs.org\/productions\/newmexicoinfocus\/?s={search_term_string}"},"query-input":{"@type":"PropertyValueSpecification","valueRequired":true,"valueName":"search_term_string"}}],"inLanguage":"en-US"},{"@type":"Person","@id":"https:\/\/www.newmexicopbs.org\/productions\/newmexicoinfocus\/#\/schema\/person\/1e9e7899d475db7fec255f4def0fecc9","name":"Myah Wilmarth","image":{"@type":"ImageObject","inLanguage":"en-US","@id":"https:\/\/secure.gravatar.com\/avatar\/8da23173f443f0d7b4de196f42fca2c5efe5a110156a3e8c9bdb8e74726bb6ce?s=96&d=mm&r=g","url":"https:\/\/secure.gravatar.com\/avatar\/8da23173f443f0d7b4de196f42fca2c5efe5a110156a3e8c9bdb8e74726bb6ce?s=96&d=mm&r=g","contentUrl":"https:\/\/secure.gravatar.com\/avatar\/8da23173f443f0d7b4de196f42fca2c5efe5a110156a3e8c9bdb8e74726bb6ce?s=96&d=mm&r=g","caption":"Myah Wilmarth"},"url":"https:\/\/www.newmexicopbs.org\/productions\/newmexicoinfocus\/author\/myah\/"}]}},"_links":{"self":[{"href":"https:\/\/www.newmexicopbs.org\/productions\/newmexicoinfocus\/wp-json\/wp\/v2\/posts\/47684","targetHints":{"allow":["GET"]}}],"collection":[{"href":"https:\/\/www.newmexicopbs.org\/productions\/newmexicoinfocus\/wp-json\/wp\/v2\/posts"}],"about":[{"href":"https:\/\/www.newmexicopbs.org\/productions\/newmexicoinfocus\/wp-json\/wp\/v2\/types\/post"}],"author":[{"embeddable":true,"href":"https:\/\/www.newmexicopbs.org\/productions\/newmexicoinfocus\/wp-json\/wp\/v2\/users\/14"}],"replies":[{"embeddable":true,"href":"https:\/\/www.newmexicopbs.org\/productions\/newmexicoinfocus\/wp-json\/wp\/v2\/comments?post=47684"}],"version-history":[{"count":3,"href":"https:\/\/www.newmexicopbs.org\/productions\/newmexicoinfocus\/wp-json\/wp\/v2\/posts\/47684\/revisions"}],"predecessor-version":[{"id":47717,"href":"https:\/\/www.newmexicopbs.org\/productions\/newmexicoinfocus\/wp-json\/wp\/v2\/posts\/47684\/revisions\/47717"}],"wp:featuredmedia":[{"embeddable":true,"href":"https:\/\/www.newmexicopbs.org\/productions\/newmexicoinfocus\/wp-json\/wp\/v2\/media\/47740"}],"wp:attachment":[{"href":"https:\/\/www.newmexicopbs.org\/productions\/newmexicoinfocus\/wp-json\/wp\/v2\/media?parent=47684"}],"wp:term":[{"taxonomy":"category","embeddable":true,"href":"https:\/\/www.newmexicopbs.org\/productions\/newmexicoinfocus\/wp-json\/wp\/v2\/categories?post=47684"},{"taxonomy":"post_tag","embeddable":true,"href":"https:\/\/www.newmexicopbs.org\/productions\/newmexicoinfocus\/wp-json\/wp\/v2\/tags?post=47684"}],"curies":[{"name":"wp","href":"https:\/\/api.w.org\/{rel}","templated":true}]}}