{"id":46023,"date":"2024-11-22T09:37:06","date_gmt":"2024-11-22T16:37:06","guid":{"rendered":"https:\/\/www.newmexicopbs.org\/productions\/newmexicoinfocus\/?p=46023"},"modified":"2024-11-22T15:52:30","modified_gmt":"2024-11-22T22:52:30","slug":"environment-laws-civil-rights-in-next-trump-term","status":"publish","type":"post","link":"https:\/\/www.newmexicopbs.org\/productions\/newmexicoinfocus\/environment-laws-civil-rights-in-next-trump-term\/","title":{"rendered":"Environment Laws, Civil Rights in Next Trump Term"},"content":{"rendered":"\n<div class=\"pbs-viral-player-wrapper\" style=\"position: relative; padding-top: calc(56.25% + 43px);\"><iframe src=\"https:\/\/player.pbs.org\/viralplayer\/3096647957\/\" allowfullscreen allow=\"encrypted-media\" style=\"position: absolute; top: 0; width: 100%; height: 100%; border: 0;\"><\/iframe><\/div>\n\n\n\n<div style=\"height:20px\" aria-hidden=\"true\" class=\"wp-block-spacer\"><\/div>\n\n\n\n<p>This week on New Mexico in Focus, Executive Producer Jeff Proctor speaks with the legal and policy directors from the ACLU of New Mexico about what a second Trump administration could mean for civil rights protections in our state. In their two-part discussion, Jeff asks the two about their specific concerns related to free speech, expression and assembly under Trump.&nbsp;<\/p>\n\n\n\n<p>Earlier this year, Arturo Sandoval, founding director of the Center of Southwest Culture, appeared on the show to talk about his role in organizing the first Earth Day in 1970. Now he\u2019s back, talking about how to protect the federal environment laws Congress passed in that era.&nbsp;<\/p>\n\n\n\n<p>Jeff asks two doctors how the tele-mentoring program from Project ECHO is improving diabetes care in rural New Mexico.&nbsp;<\/p>\n\n\n\n<p>Host:&nbsp;Lou DiVizio&nbsp;<\/p>\n\n\n\n<p>Segments:&nbsp;<\/p>\n\n\n\n<p><em>Guarding Civil Rights Protections as Trump Returns to White House<\/em><br>Correspondent:&nbsp;Jeff Proctor&nbsp;<br>Guests:&nbsp;Mar\u00eda Mart\u00ednez S\u00e1nchez, Legal Director, ACLU of New Mexico&nbsp;<br>Lena Weber-Salazar, Interim Policy Director, ACLU of New Mexico&nbsp;<\/p>\n\n\n\n<p><em>\u2018Don\u2019t Agonize. Organize\u2019<\/em><br>Correspondent:&nbsp;Laura Paskus&nbsp;<br>Guest:&nbsp;Arturo Sandoval, Founding Director, Center of Southwest Culture&nbsp;<br><br><em>Public Safety, First Amendment Concerns for Second Trump Term<\/em><br>Correspondent:&nbsp;Jeff Proctor&nbsp;<br>Guests:&nbsp;Mar\u00eda Mart\u00ednez S\u00e1nchez, Legal Director, ACLU of New Mexico&nbsp;<br>Lena Weber-Salazar, Interim Policy Director, ACLU of New Mexico&nbsp;<\/p>\n\n\n\n<p><em>Rural Diabetes Care Improves With Project ECHO<\/em><br>Correspondent:&nbsp;Jeff Proctor&nbsp;<br>Guests:&nbsp;Dr. Matthew Bouchonville, Associate Director, Project ECHO&nbsp;<br>Dr. Tamara Singleton, Family Physician, El Rito&nbsp;<\/p>\n","protected":false},"excerpt":{"rendered":"<p>This week on New Mexico in Focus, Executive Producer Jeff Proctor speaks with the legal and policy directors from the ACLU of New Mexico about what a second Trump administration could mean for civil rights protections in our state. In their two-part discussion, Jeff asks the two about their specific concerns related to free speech,&hellip;<\/p>\n","protected":false},"author":14,"featured_media":46025,"comment_status":"closed","ping_status":"open","sticky":false,"template":"","format":"standard","meta":{"footnotes":""},"categories":[218],"tags":[],"class_list":["post-46023","post","type-post","status-publish","format-standard","has-post-thumbnail","hentry","category-episode"],"yoast_head":"<!-- This site is optimized with the Yoast SEO plugin v27.5 - https:\/\/yoast.com\/product\/yoast-seo-wordpress\/ -->\n<title>Environment Laws, Civil Rights in Next Trump Term - New Mexico In Focus<\/title>\n<meta name=\"robots\" content=\"index, follow, max-snippet:-1, max-image-preview:large, max-video-preview:-1\" \/>\n<link rel=\"canonical\" href=\"https:\/\/www.newmexicopbs.org\/productions\/newmexicoinfocus\/environment-laws-civil-rights-in-next-trump-term\/\" \/>\n<meta property=\"og:locale\" content=\"en_US\" \/>\n<meta property=\"og:type\" content=\"article\" \/>\n<meta property=\"og:title\" content=\"Environment Laws, Civil Rights in Next Trump Term - New Mexico In Focus\" \/>\n<meta property=\"og:description\" content=\"This week on New Mexico in Focus, Executive Producer Jeff Proctor speaks with the legal and policy directors from the ACLU of New Mexico about what a second Trump administration could mean for civil rights protections in our state. In their two-part discussion, Jeff asks the two about their specific concerns related to free speech,&hellip;\" \/>\n<meta property=\"og:url\" content=\"https:\/\/www.newmexicopbs.org\/productions\/newmexicoinfocus\/environment-laws-civil-rights-in-next-trump-term\/\" \/>\n<meta property=\"og:site_name\" content=\"New Mexico In Focus\" \/>\n<meta property=\"article:published_time\" content=\"2024-11-22T16:37:06+00:00\" \/>\n<meta property=\"article:modified_time\" content=\"2024-11-22T22:52:30+00:00\" \/>\n<meta property=\"og:image\" content=\"https:\/\/www.newmexicopbs.org\/productions\/newmexicoinfocus\/wp-content\/uploads\/2024\/11\/1822-Episode-Image.png\" \/>\n\t<meta property=\"og:image:width\" content=\"1920\" \/>\n\t<meta property=\"og:image:height\" content=\"1080\" \/>\n\t<meta property=\"og:image:type\" content=\"image\/png\" \/>\n<meta name=\"author\" content=\"Myah Wilmarth\" \/>\n<meta name=\"twitter:card\" content=\"summary_large_image\" \/>\n<meta name=\"twitter:label1\" content=\"Written by\" \/>\n\t<meta name=\"twitter:data1\" content=\"Myah Wilmarth\" \/>\n\t<meta name=\"twitter:label2\" content=\"Est. reading time\" \/>\n\t<meta name=\"twitter:data2\" content=\"2 minutes\" \/>\n<script type=\"application\/ld+json\" class=\"yoast-schema-graph\">{\"@context\":\"https:\\\/\\\/schema.org\",\"@graph\":[{\"@type\":\"NewsArticle\",\"@id\":\"https:\\\/\\\/www.newmexicopbs.org\\\/productions\\\/newmexicoinfocus\\\/environment-laws-civil-rights-in-next-trump-term\\\/#article\",\"isPartOf\":{\"@id\":\"https:\\\/\\\/www.newmexicopbs.org\\\/productions\\\/newmexicoinfocus\\\/environment-laws-civil-rights-in-next-trump-term\\\/\"},\"author\":{\"name\":\"Myah Wilmarth\",\"@id\":\"https:\\\/\\\/www.newmexicopbs.org\\\/productions\\\/newmexicoinfocus\\\/#\\\/schema\\\/person\\\/1e9e7899d475db7fec255f4def0fecc9\"},\"headline\":\"Environment Laws, Civil Rights in Next Trump Term\",\"datePublished\":\"2024-11-22T16:37:06+00:00\",\"dateModified\":\"2024-11-22T22:52:30+00:00\",\"mainEntityOfPage\":{\"@id\":\"https:\\\/\\\/www.newmexicopbs.org\\\/productions\\\/newmexicoinfocus\\\/environment-laws-civil-rights-in-next-trump-term\\\/\"},\"wordCount\":273,\"image\":{\"@id\":\"https:\\\/\\\/www.newmexicopbs.org\\\/productions\\\/newmexicoinfocus\\\/environment-laws-civil-rights-in-next-trump-term\\\/#primaryimage\"},\"thumbnailUrl\":\"https:\\\/\\\/www.newmexicopbs.org\\\/productions\\\/newmexicoinfocus\\\/wp-content\\\/uploads\\\/2024\\\/11\\\/1822-Episode-Image.png\",\"articleSection\":[\"Episode\"],\"inLanguage\":\"en-US\"},{\"@type\":\"WebPage\",\"@id\":\"https:\\\/\\\/www.newmexicopbs.org\\\/productions\\\/newmexicoinfocus\\\/environment-laws-civil-rights-in-next-trump-term\\\/\",\"url\":\"https:\\\/\\\/www.newmexicopbs.org\\\/productions\\\/newmexicoinfocus\\\/environment-laws-civil-rights-in-next-trump-term\\\/\",\"name\":\"Environment Laws, Civil Rights in Next Trump Term - New Mexico In Focus\",\"isPartOf\":{\"@id\":\"https:\\\/\\\/www.newmexicopbs.org\\\/productions\\\/newmexicoinfocus\\\/#website\"},\"primaryImageOfPage\":{\"@id\":\"https:\\\/\\\/www.newmexicopbs.org\\\/productions\\\/newmexicoinfocus\\\/environment-laws-civil-rights-in-next-trump-term\\\/#primaryimage\"},\"image\":{\"@id\":\"https:\\\/\\\/www.newmexicopbs.org\\\/productions\\\/newmexicoinfocus\\\/environment-laws-civil-rights-in-next-trump-term\\\/#primaryimage\"},\"thumbnailUrl\":\"https:\\\/\\\/www.newmexicopbs.org\\\/productions\\\/newmexicoinfocus\\\/wp-content\\\/uploads\\\/2024\\\/11\\\/1822-Episode-Image.png\",\"datePublished\":\"2024-11-22T16:37:06+00:00\",\"dateModified\":\"2024-11-22T22:52:30+00:00\",\"author\":{\"@id\":\"https:\\\/\\\/www.newmexicopbs.org\\\/productions\\\/newmexicoinfocus\\\/#\\\/schema\\\/person\\\/1e9e7899d475db7fec255f4def0fecc9\"},\"breadcrumb\":{\"@id\":\"https:\\\/\\\/www.newmexicopbs.org\\\/productions\\\/newmexicoinfocus\\\/environment-laws-civil-rights-in-next-trump-term\\\/#breadcrumb\"},\"inLanguage\":\"en-US\",\"potentialAction\":[{\"@type\":\"ReadAction\",\"target\":[\"https:\\\/\\\/www.newmexicopbs.org\\\/productions\\\/newmexicoinfocus\\\/environment-laws-civil-rights-in-next-trump-term\\\/\"]}]},{\"@type\":\"ImageObject\",\"inLanguage\":\"en-US\",\"@id\":\"https:\\\/\\\/www.newmexicopbs.org\\\/productions\\\/newmexicoinfocus\\\/environment-laws-civil-rights-in-next-trump-term\\\/#primaryimage\",\"url\":\"https:\\\/\\\/www.newmexicopbs.org\\\/productions\\\/newmexicoinfocus\\\/wp-content\\\/uploads\\\/2024\\\/11\\\/1822-Episode-Image.png\",\"contentUrl\":\"https:\\\/\\\/www.newmexicopbs.org\\\/productions\\\/newmexicoinfocus\\\/wp-content\\\/uploads\\\/2024\\\/11\\\/1822-Episode-Image.png\",\"width\":1920,\"height\":1080,\"caption\":\"American and New Mexico flags flying on a pole against a clear blue sky.\"},{\"@type\":\"BreadcrumbList\",\"@id\":\"https:\\\/\\\/www.newmexicopbs.org\\\/productions\\\/newmexicoinfocus\\\/environment-laws-civil-rights-in-next-trump-term\\\/#breadcrumb\",\"itemListElement\":[{\"@type\":\"ListItem\",\"position\":1,\"name\":\"Home\",\"item\":\"https:\\\/\\\/www.newmexicopbs.org\\\/productions\\\/newmexicoinfocus\\\/\"},{\"@type\":\"ListItem\",\"position\":2,\"name\":\"Environment Laws, Civil Rights in Next Trump Term\"}]},{\"@type\":\"WebSite\",\"@id\":\"https:\\\/\\\/www.newmexicopbs.org\\\/productions\\\/newmexicoinfocus\\\/#website\",\"url\":\"https:\\\/\\\/www.newmexicopbs.org\\\/productions\\\/newmexicoinfocus\\\/\",\"name\":\"New Mexico In Focus\",\"description\":\"Involved, Informed, In-depth Journalism\",\"potentialAction\":[{\"@type\":\"SearchAction\",\"target\":{\"@type\":\"EntryPoint\",\"urlTemplate\":\"https:\\\/\\\/www.newmexicopbs.org\\\/productions\\\/newmexicoinfocus\\\/?s={search_term_string}\"},\"query-input\":{\"@type\":\"PropertyValueSpecification\",\"valueRequired\":true,\"valueName\":\"search_term_string\"}}],\"inLanguage\":\"en-US\"},{\"@type\":\"Person\",\"@id\":\"https:\\\/\\\/www.newmexicopbs.org\\\/productions\\\/newmexicoinfocus\\\/#\\\/schema\\\/person\\\/1e9e7899d475db7fec255f4def0fecc9\",\"name\":\"Myah Wilmarth\",\"image\":{\"@type\":\"ImageObject\",\"inLanguage\":\"en-US\",\"@id\":\"https:\\\/\\\/secure.gravatar.com\\\/avatar\\\/8da23173f443f0d7b4de196f42fca2c5efe5a110156a3e8c9bdb8e74726bb6ce?s=96&d=mm&r=g\",\"url\":\"https:\\\/\\\/secure.gravatar.com\\\/avatar\\\/8da23173f443f0d7b4de196f42fca2c5efe5a110156a3e8c9bdb8e74726bb6ce?s=96&d=mm&r=g\",\"contentUrl\":\"https:\\\/\\\/secure.gravatar.com\\\/avatar\\\/8da23173f443f0d7b4de196f42fca2c5efe5a110156a3e8c9bdb8e74726bb6ce?s=96&d=mm&r=g\",\"caption\":\"Myah Wilmarth\"},\"url\":\"https:\\\/\\\/www.newmexicopbs.org\\\/productions\\\/newmexicoinfocus\\\/author\\\/myah\\\/\"}]}<\/script>\n<!-- \/ Yoast SEO plugin. -->","yoast_head_json":{"title":"Environment Laws, Civil Rights in Next Trump Term - New Mexico In Focus","robots":{"index":"index","follow":"follow","max-snippet":"max-snippet:-1","max-image-preview":"max-image-preview:large","max-video-preview":"max-video-preview:-1"},"canonical":"https:\/\/www.newmexicopbs.org\/productions\/newmexicoinfocus\/environment-laws-civil-rights-in-next-trump-term\/","og_locale":"en_US","og_type":"article","og_title":"Environment Laws, Civil Rights in Next Trump Term - New Mexico In Focus","og_description":"This week on New Mexico in Focus, Executive Producer Jeff Proctor speaks with the legal and policy directors from the ACLU of New Mexico about what a second Trump administration could mean for civil rights protections in our state. In their two-part discussion, Jeff asks the two about their specific concerns related to free speech,&hellip;","og_url":"https:\/\/www.newmexicopbs.org\/productions\/newmexicoinfocus\/environment-laws-civil-rights-in-next-trump-term\/","og_site_name":"New Mexico In Focus","article_published_time":"2024-11-22T16:37:06+00:00","article_modified_time":"2024-11-22T22:52:30+00:00","og_image":[{"width":1920,"height":1080,"url":"https:\/\/www.newmexicopbs.org\/productions\/newmexicoinfocus\/wp-content\/uploads\/2024\/11\/1822-Episode-Image.png","type":"image\/png"}],"author":"Myah Wilmarth","twitter_card":"summary_large_image","twitter_misc":{"Written by":"Myah Wilmarth","Est. reading time":"2 minutes"},"schema":{"@context":"https:\/\/schema.org","@graph":[{"@type":"NewsArticle","@id":"https:\/\/www.newmexicopbs.org\/productions\/newmexicoinfocus\/environment-laws-civil-rights-in-next-trump-term\/#article","isPartOf":{"@id":"https:\/\/www.newmexicopbs.org\/productions\/newmexicoinfocus\/environment-laws-civil-rights-in-next-trump-term\/"},"author":{"name":"Myah Wilmarth","@id":"https:\/\/www.newmexicopbs.org\/productions\/newmexicoinfocus\/#\/schema\/person\/1e9e7899d475db7fec255f4def0fecc9"},"headline":"Environment Laws, Civil Rights in Next Trump Term","datePublished":"2024-11-22T16:37:06+00:00","dateModified":"2024-11-22T22:52:30+00:00","mainEntityOfPage":{"@id":"https:\/\/www.newmexicopbs.org\/productions\/newmexicoinfocus\/environment-laws-civil-rights-in-next-trump-term\/"},"wordCount":273,"image":{"@id":"https:\/\/www.newmexicopbs.org\/productions\/newmexicoinfocus\/environment-laws-civil-rights-in-next-trump-term\/#primaryimage"},"thumbnailUrl":"https:\/\/www.newmexicopbs.org\/productions\/newmexicoinfocus\/wp-content\/uploads\/2024\/11\/1822-Episode-Image.png","articleSection":["Episode"],"inLanguage":"en-US"},{"@type":"WebPage","@id":"https:\/\/www.newmexicopbs.org\/productions\/newmexicoinfocus\/environment-laws-civil-rights-in-next-trump-term\/","url":"https:\/\/www.newmexicopbs.org\/productions\/newmexicoinfocus\/environment-laws-civil-rights-in-next-trump-term\/","name":"Environment Laws, Civil Rights in Next Trump Term - New Mexico In Focus","isPartOf":{"@id":"https:\/\/www.newmexicopbs.org\/productions\/newmexicoinfocus\/#website"},"primaryImageOfPage":{"@id":"https:\/\/www.newmexicopbs.org\/productions\/newmexicoinfocus\/environment-laws-civil-rights-in-next-trump-term\/#primaryimage"},"image":{"@id":"https:\/\/www.newmexicopbs.org\/productions\/newmexicoinfocus\/environment-laws-civil-rights-in-next-trump-term\/#primaryimage"},"thumbnailUrl":"https:\/\/www.newmexicopbs.org\/productions\/newmexicoinfocus\/wp-content\/uploads\/2024\/11\/1822-Episode-Image.png","datePublished":"2024-11-22T16:37:06+00:00","dateModified":"2024-11-22T22:52:30+00:00","author":{"@id":"https:\/\/www.newmexicopbs.org\/productions\/newmexicoinfocus\/#\/schema\/person\/1e9e7899d475db7fec255f4def0fecc9"},"breadcrumb":{"@id":"https:\/\/www.newmexicopbs.org\/productions\/newmexicoinfocus\/environment-laws-civil-rights-in-next-trump-term\/#breadcrumb"},"inLanguage":"en-US","potentialAction":[{"@type":"ReadAction","target":["https:\/\/www.newmexicopbs.org\/productions\/newmexicoinfocus\/environment-laws-civil-rights-in-next-trump-term\/"]}]},{"@type":"ImageObject","inLanguage":"en-US","@id":"https:\/\/www.newmexicopbs.org\/productions\/newmexicoinfocus\/environment-laws-civil-rights-in-next-trump-term\/#primaryimage","url":"https:\/\/www.newmexicopbs.org\/productions\/newmexicoinfocus\/wp-content\/uploads\/2024\/11\/1822-Episode-Image.png","contentUrl":"https:\/\/www.newmexicopbs.org\/productions\/newmexicoinfocus\/wp-content\/uploads\/2024\/11\/1822-Episode-Image.png","width":1920,"height":1080,"caption":"American and New Mexico flags flying on a pole against a clear blue sky."},{"@type":"BreadcrumbList","@id":"https:\/\/www.newmexicopbs.org\/productions\/newmexicoinfocus\/environment-laws-civil-rights-in-next-trump-term\/#breadcrumb","itemListElement":[{"@type":"ListItem","position":1,"name":"Home","item":"https:\/\/www.newmexicopbs.org\/productions\/newmexicoinfocus\/"},{"@type":"ListItem","position":2,"name":"Environment Laws, Civil Rights in Next Trump Term"}]},{"@type":"WebSite","@id":"https:\/\/www.newmexicopbs.org\/productions\/newmexicoinfocus\/#website","url":"https:\/\/www.newmexicopbs.org\/productions\/newmexicoinfocus\/","name":"New Mexico In Focus","description":"Involved, Informed, In-depth Journalism","potentialAction":[{"@type":"SearchAction","target":{"@type":"EntryPoint","urlTemplate":"https:\/\/www.newmexicopbs.org\/productions\/newmexicoinfocus\/?s={search_term_string}"},"query-input":{"@type":"PropertyValueSpecification","valueRequired":true,"valueName":"search_term_string"}}],"inLanguage":"en-US"},{"@type":"Person","@id":"https:\/\/www.newmexicopbs.org\/productions\/newmexicoinfocus\/#\/schema\/person\/1e9e7899d475db7fec255f4def0fecc9","name":"Myah Wilmarth","image":{"@type":"ImageObject","inLanguage":"en-US","@id":"https:\/\/secure.gravatar.com\/avatar\/8da23173f443f0d7b4de196f42fca2c5efe5a110156a3e8c9bdb8e74726bb6ce?s=96&d=mm&r=g","url":"https:\/\/secure.gravatar.com\/avatar\/8da23173f443f0d7b4de196f42fca2c5efe5a110156a3e8c9bdb8e74726bb6ce?s=96&d=mm&r=g","contentUrl":"https:\/\/secure.gravatar.com\/avatar\/8da23173f443f0d7b4de196f42fca2c5efe5a110156a3e8c9bdb8e74726bb6ce?s=96&d=mm&r=g","caption":"Myah Wilmarth"},"url":"https:\/\/www.newmexicopbs.org\/productions\/newmexicoinfocus\/author\/myah\/"}]}},"_links":{"self":[{"href":"https:\/\/www.newmexicopbs.org\/productions\/newmexicoinfocus\/wp-json\/wp\/v2\/posts\/46023","targetHints":{"allow":["GET"]}}],"collection":[{"href":"https:\/\/www.newmexicopbs.org\/productions\/newmexicoinfocus\/wp-json\/wp\/v2\/posts"}],"about":[{"href":"https:\/\/www.newmexicopbs.org\/productions\/newmexicoinfocus\/wp-json\/wp\/v2\/types\/post"}],"author":[{"embeddable":true,"href":"https:\/\/www.newmexicopbs.org\/productions\/newmexicoinfocus\/wp-json\/wp\/v2\/users\/14"}],"replies":[{"embeddable":true,"href":"https:\/\/www.newmexicopbs.org\/productions\/newmexicoinfocus\/wp-json\/wp\/v2\/comments?post=46023"}],"version-history":[{"count":4,"href":"https:\/\/www.newmexicopbs.org\/productions\/newmexicoinfocus\/wp-json\/wp\/v2\/posts\/46023\/revisions"}],"predecessor-version":[{"id":46050,"href":"https:\/\/www.newmexicopbs.org\/productions\/newmexicoinfocus\/wp-json\/wp\/v2\/posts\/46023\/revisions\/46050"}],"wp:featuredmedia":[{"embeddable":true,"href":"https:\/\/www.newmexicopbs.org\/productions\/newmexicoinfocus\/wp-json\/wp\/v2\/media\/46025"}],"wp:attachment":[{"href":"https:\/\/www.newmexicopbs.org\/productions\/newmexicoinfocus\/wp-json\/wp\/v2\/media?parent=46023"}],"wp:term":[{"taxonomy":"category","embeddable":true,"href":"https:\/\/www.newmexicopbs.org\/productions\/newmexicoinfocus\/wp-json\/wp\/v2\/categories?post=46023"},{"taxonomy":"post_tag","embeddable":true,"href":"https:\/\/www.newmexicopbs.org\/productions\/newmexicoinfocus\/wp-json\/wp\/v2\/tags?post=46023"}],"curies":[{"name":"wp","href":"https:\/\/api.w.org\/{rel}","templated":true}]}}