{"id":45860,"date":"2024-10-18T09:04:10","date_gmt":"2024-10-18T16:04:10","guid":{"rendered":"https:\/\/www.newmexicopbs.org\/productions\/newmexicoinfocus\/?p=45860"},"modified":"2024-10-18T13:17:56","modified_gmt":"2024-10-18T20:17:56","slug":"native-voices-on-the-election","status":"publish","type":"post","link":"https:\/\/www.newmexicopbs.org\/productions\/newmexicoinfocus\/native-voices-on-the-election\/","title":{"rendered":"Native Voices on the Election"},"content":{"rendered":"\n<figure class=\"wp-block-embed is-type-video is-provider-youtube wp-block-embed-youtube wp-embed-aspect-16-9 wp-has-aspect-ratio\"><div class=\"wp-block-embed__wrapper\">\n<iframe loading=\"lazy\" title=\"Native Voices on the Election\" width=\"500\" height=\"281\" src=\"https:\/\/www.youtube.com\/embed\/LIJX6UFFqmk?feature=oembed\" frameborder=\"0\" allow=\"accelerometer; autoplay; clipboard-write; encrypted-media; gyroscope; picture-in-picture; web-share\" referrerpolicy=\"strict-origin-when-cross-origin\" allowfullscreen><\/iframe>\n<\/div><\/figure>\n\n\n\n<p><strong>10.18.24 <\/strong>\u2013<strong> <\/strong>In a collaboration with New Mexico in Depth, Indigenous Affairs Reporter Bella Davis speaks with several Native people about this year\u2019s election, and why some folks are considering voting third party \u2014 or not at all.&nbsp;&nbsp;&nbsp;&nbsp;<\/p>\n\n\n\n<p><strong>Correspondent<\/strong>:&nbsp;Bella Davis (Yurok)&nbsp;<br><br><strong>Producers:<\/strong>&nbsp;<br>Ben Yazza (Din\u00e9)&nbsp;<br>Joey Dunn (Din\u00e9)&nbsp;<br>Noah Eichstaedt&nbsp;<\/p>\n\n\n\n<p><strong>Guests:&nbsp;<\/strong>&nbsp;<br>Ahtza Dawn Chavez (Din\u00e9 \/ Kewa), Executive Director, NM Native Vote&nbsp;<br>Nicole Pelt (Din\u00e9), UNM Student&nbsp;<br>Ajijak (Anishinaabe \/ Ojibwa \/ Potawatomi), UNM Student&nbsp;<br>Alicia Gallegos (Pueblos of Laguna &amp; Acoma), UNM Alumni&nbsp;<br>Andre Montoya-Barthelemy (Dakota \/ Anishinaabe \/ Pima), Faculty Member, UNM&nbsp;<br>Cody Yazzie (Navajo), UNM Student&nbsp;<\/p>\n","protected":false},"excerpt":{"rendered":"<p>10.18.24 \u2013 In a collaboration with New Mexico in Depth, Indigenous Affairs Reporter Bella Davis speaks with several Native people about this year\u2019s election, and why some folks are considering voting third party \u2014 or not at all.&nbsp;&nbsp;&nbsp;&nbsp; Correspondent:&nbsp;Bella Davis (Yurok)&nbsp; Producers:&nbsp;Ben Yazza (Din\u00e9)&nbsp;Joey Dunn (Din\u00e9)&nbsp;Noah Eichstaedt&nbsp; Guests:&nbsp;&nbsp;Ahtza Dawn Chavez (Din\u00e9 \/ Kewa), Executive Director,&hellip;<\/p>\n","protected":false},"author":14,"featured_media":45866,"comment_status":"closed","ping_status":"open","sticky":false,"template":"","format":"standard","meta":{"footnotes":""},"categories":[5245],"tags":[10705,10602,67,10473,10706,10474,10710,10709,1940,10708,10707,5847],"class_list":["post-45860","post","type-post","status-publish","format-standard","has-post-thumbnail","hentry","category-nmif-segments","tag-bladvs","tag-bella-davis","tag-election","tag-gaza","tag-indigenous-affairs","tag-israel","tag-native-voices","tag-native-voters","tag-new-mexico-in-depth","tag-no-vote","tag-third-party","tag-young-voters"],"yoast_head":"<!-- This site is optimized with the Yoast SEO plugin v27.5 - https:\/\/yoast.com\/product\/yoast-seo-wordpress\/ -->\n<title>Native Voices on the Election - New Mexico In Focus<\/title>\n<meta name=\"robots\" content=\"index, follow, max-snippet:-1, max-image-preview:large, max-video-preview:-1\" \/>\n<link rel=\"canonical\" href=\"https:\/\/www.newmexicopbs.org\/productions\/newmexicoinfocus\/native-voices-on-the-election\/\" \/>\n<meta property=\"og:locale\" content=\"en_US\" \/>\n<meta property=\"og:type\" content=\"article\" \/>\n<meta property=\"og:title\" content=\"Native Voices on the Election - New Mexico In Focus\" \/>\n<meta property=\"og:description\" content=\"10.18.24 \u2013 In a collaboration with New Mexico in Depth, Indigenous Affairs Reporter Bella Davis speaks with several Native people about this year\u2019s election, and why some folks are considering voting third party \u2014 or not at all.&nbsp;&nbsp;&nbsp;&nbsp; Correspondent:&nbsp;Bella Davis (Yurok)&nbsp; Producers:&nbsp;Ben Yazza (Din\u00e9)&nbsp;Joey Dunn (Din\u00e9)&nbsp;Noah Eichstaedt&nbsp; Guests:&nbsp;&nbsp;Ahtza Dawn Chavez (Din\u00e9 \/ Kewa), Executive Director,&hellip;\" \/>\n<meta property=\"og:url\" content=\"https:\/\/www.newmexicopbs.org\/productions\/newmexicoinfocus\/native-voices-on-the-election\/\" \/>\n<meta property=\"og:site_name\" content=\"New Mexico In Focus\" \/>\n<meta property=\"article:published_time\" content=\"2024-10-18T16:04:10+00:00\" \/>\n<meta property=\"article:modified_time\" content=\"2024-10-18T20:17:56+00:00\" \/>\n<meta property=\"og:image\" content=\"https:\/\/www.newmexicopbs.org\/productions\/newmexicoinfocus\/wp-content\/uploads\/2024\/10\/Segment-2-Native-Voices-on-the-Election.png\" \/>\n\t<meta property=\"og:image:width\" content=\"1920\" \/>\n\t<meta property=\"og:image:height\" content=\"1080\" \/>\n\t<meta property=\"og:image:type\" content=\"image\/png\" \/>\n<meta name=\"author\" content=\"Myah Wilmarth\" \/>\n<meta name=\"twitter:card\" content=\"summary_large_image\" \/>\n<meta name=\"twitter:label1\" content=\"Written by\" \/>\n\t<meta name=\"twitter:data1\" content=\"Myah Wilmarth\" \/>\n\t<meta name=\"twitter:label2\" content=\"Est. reading time\" \/>\n\t<meta name=\"twitter:data2\" content=\"1 minute\" \/>\n<script type=\"application\/ld+json\" class=\"yoast-schema-graph\">{\"@context\":\"https:\\\/\\\/schema.org\",\"@graph\":[{\"@type\":\"NewsArticle\",\"@id\":\"https:\\\/\\\/www.newmexicopbs.org\\\/productions\\\/newmexicoinfocus\\\/native-voices-on-the-election\\\/#article\",\"isPartOf\":{\"@id\":\"https:\\\/\\\/www.newmexicopbs.org\\\/productions\\\/newmexicoinfocus\\\/native-voices-on-the-election\\\/\"},\"author\":{\"name\":\"Myah Wilmarth\",\"@id\":\"https:\\\/\\\/www.newmexicopbs.org\\\/productions\\\/newmexicoinfocus\\\/#\\\/schema\\\/person\\\/1e9e7899d475db7fec255f4def0fecc9\"},\"headline\":\"Native Voices on the Election\",\"datePublished\":\"2024-10-18T16:04:10+00:00\",\"dateModified\":\"2024-10-18T20:17:56+00:00\",\"mainEntityOfPage\":{\"@id\":\"https:\\\/\\\/www.newmexicopbs.org\\\/productions\\\/newmexicoinfocus\\\/native-voices-on-the-election\\\/\"},\"wordCount\":124,\"image\":{\"@id\":\"https:\\\/\\\/www.newmexicopbs.org\\\/productions\\\/newmexicoinfocus\\\/native-voices-on-the-election\\\/#primaryimage\"},\"thumbnailUrl\":\"https:\\\/\\\/www.newmexicopbs.org\\\/productions\\\/newmexicoinfocus\\\/wp-content\\\/uploads\\\/2024\\\/10\\\/Segment-2-Native-Voices-on-the-Election.png\",\"keywords\":[\"@bladvs\",\"Bella Davis\",\"Election\",\"Gaza\",\"Indigenous Affairs\",\"Israel\",\"Native voices\",\"Native voters\",\"New Mexico in Depth\",\"no vote\",\"third party\",\"young voters\"],\"articleSection\":[\"Segments\"],\"inLanguage\":\"en-US\"},{\"@type\":\"WebPage\",\"@id\":\"https:\\\/\\\/www.newmexicopbs.org\\\/productions\\\/newmexicoinfocus\\\/native-voices-on-the-election\\\/\",\"url\":\"https:\\\/\\\/www.newmexicopbs.org\\\/productions\\\/newmexicoinfocus\\\/native-voices-on-the-election\\\/\",\"name\":\"Native Voices on the Election - New Mexico In Focus\",\"isPartOf\":{\"@id\":\"https:\\\/\\\/www.newmexicopbs.org\\\/productions\\\/newmexicoinfocus\\\/#website\"},\"primaryImageOfPage\":{\"@id\":\"https:\\\/\\\/www.newmexicopbs.org\\\/productions\\\/newmexicoinfocus\\\/native-voices-on-the-election\\\/#primaryimage\"},\"image\":{\"@id\":\"https:\\\/\\\/www.newmexicopbs.org\\\/productions\\\/newmexicoinfocus\\\/native-voices-on-the-election\\\/#primaryimage\"},\"thumbnailUrl\":\"https:\\\/\\\/www.newmexicopbs.org\\\/productions\\\/newmexicoinfocus\\\/wp-content\\\/uploads\\\/2024\\\/10\\\/Segment-2-Native-Voices-on-the-Election.png\",\"datePublished\":\"2024-10-18T16:04:10+00:00\",\"dateModified\":\"2024-10-18T20:17:56+00:00\",\"author\":{\"@id\":\"https:\\\/\\\/www.newmexicopbs.org\\\/productions\\\/newmexicoinfocus\\\/#\\\/schema\\\/person\\\/1e9e7899d475db7fec255f4def0fecc9\"},\"breadcrumb\":{\"@id\":\"https:\\\/\\\/www.newmexicopbs.org\\\/productions\\\/newmexicoinfocus\\\/native-voices-on-the-election\\\/#breadcrumb\"},\"inLanguage\":\"en-US\",\"potentialAction\":[{\"@type\":\"ReadAction\",\"target\":[\"https:\\\/\\\/www.newmexicopbs.org\\\/productions\\\/newmexicoinfocus\\\/native-voices-on-the-election\\\/\"]}]},{\"@type\":\"ImageObject\",\"inLanguage\":\"en-US\",\"@id\":\"https:\\\/\\\/www.newmexicopbs.org\\\/productions\\\/newmexicoinfocus\\\/native-voices-on-the-election\\\/#primaryimage\",\"url\":\"https:\\\/\\\/www.newmexicopbs.org\\\/productions\\\/newmexicoinfocus\\\/wp-content\\\/uploads\\\/2024\\\/10\\\/Segment-2-Native-Voices-on-the-Election.png\",\"contentUrl\":\"https:\\\/\\\/www.newmexicopbs.org\\\/productions\\\/newmexicoinfocus\\\/wp-content\\\/uploads\\\/2024\\\/10\\\/Segment-2-Native-Voices-on-the-Election.png\",\"width\":1920,\"height\":1080,\"caption\":\"Two people walking on a sidewalk, both wearing casual clothing and glasses. The person on the right wears a cap. Other people are in the background, and shops line the street.\"},{\"@type\":\"BreadcrumbList\",\"@id\":\"https:\\\/\\\/www.newmexicopbs.org\\\/productions\\\/newmexicoinfocus\\\/native-voices-on-the-election\\\/#breadcrumb\",\"itemListElement\":[{\"@type\":\"ListItem\",\"position\":1,\"name\":\"Home\",\"item\":\"https:\\\/\\\/www.newmexicopbs.org\\\/productions\\\/newmexicoinfocus\\\/\"},{\"@type\":\"ListItem\",\"position\":2,\"name\":\"Native Voices on the Election\"}]},{\"@type\":\"WebSite\",\"@id\":\"https:\\\/\\\/www.newmexicopbs.org\\\/productions\\\/newmexicoinfocus\\\/#website\",\"url\":\"https:\\\/\\\/www.newmexicopbs.org\\\/productions\\\/newmexicoinfocus\\\/\",\"name\":\"New Mexico In Focus\",\"description\":\"Involved, Informed, In-depth Journalism\",\"potentialAction\":[{\"@type\":\"SearchAction\",\"target\":{\"@type\":\"EntryPoint\",\"urlTemplate\":\"https:\\\/\\\/www.newmexicopbs.org\\\/productions\\\/newmexicoinfocus\\\/?s={search_term_string}\"},\"query-input\":{\"@type\":\"PropertyValueSpecification\",\"valueRequired\":true,\"valueName\":\"search_term_string\"}}],\"inLanguage\":\"en-US\"},{\"@type\":\"Person\",\"@id\":\"https:\\\/\\\/www.newmexicopbs.org\\\/productions\\\/newmexicoinfocus\\\/#\\\/schema\\\/person\\\/1e9e7899d475db7fec255f4def0fecc9\",\"name\":\"Myah Wilmarth\",\"image\":{\"@type\":\"ImageObject\",\"inLanguage\":\"en-US\",\"@id\":\"https:\\\/\\\/secure.gravatar.com\\\/avatar\\\/8da23173f443f0d7b4de196f42fca2c5efe5a110156a3e8c9bdb8e74726bb6ce?s=96&d=mm&r=g\",\"url\":\"https:\\\/\\\/secure.gravatar.com\\\/avatar\\\/8da23173f443f0d7b4de196f42fca2c5efe5a110156a3e8c9bdb8e74726bb6ce?s=96&d=mm&r=g\",\"contentUrl\":\"https:\\\/\\\/secure.gravatar.com\\\/avatar\\\/8da23173f443f0d7b4de196f42fca2c5efe5a110156a3e8c9bdb8e74726bb6ce?s=96&d=mm&r=g\",\"caption\":\"Myah Wilmarth\"},\"url\":\"https:\\\/\\\/www.newmexicopbs.org\\\/productions\\\/newmexicoinfocus\\\/author\\\/myah\\\/\"}]}<\/script>\n<!-- \/ Yoast SEO plugin. -->","yoast_head_json":{"title":"Native Voices on the Election - New Mexico In Focus","robots":{"index":"index","follow":"follow","max-snippet":"max-snippet:-1","max-image-preview":"max-image-preview:large","max-video-preview":"max-video-preview:-1"},"canonical":"https:\/\/www.newmexicopbs.org\/productions\/newmexicoinfocus\/native-voices-on-the-election\/","og_locale":"en_US","og_type":"article","og_title":"Native Voices on the Election - New Mexico In Focus","og_description":"10.18.24 \u2013 In a collaboration with New Mexico in Depth, Indigenous Affairs Reporter Bella Davis speaks with several Native people about this year\u2019s election, and why some folks are considering voting third party \u2014 or not at all.&nbsp;&nbsp;&nbsp;&nbsp; Correspondent:&nbsp;Bella Davis (Yurok)&nbsp; Producers:&nbsp;Ben Yazza (Din\u00e9)&nbsp;Joey Dunn (Din\u00e9)&nbsp;Noah Eichstaedt&nbsp; Guests:&nbsp;&nbsp;Ahtza Dawn Chavez (Din\u00e9 \/ Kewa), Executive Director,&hellip;","og_url":"https:\/\/www.newmexicopbs.org\/productions\/newmexicoinfocus\/native-voices-on-the-election\/","og_site_name":"New Mexico In Focus","article_published_time":"2024-10-18T16:04:10+00:00","article_modified_time":"2024-10-18T20:17:56+00:00","og_image":[{"width":1920,"height":1080,"url":"https:\/\/www.newmexicopbs.org\/productions\/newmexicoinfocus\/wp-content\/uploads\/2024\/10\/Segment-2-Native-Voices-on-the-Election.png","type":"image\/png"}],"author":"Myah Wilmarth","twitter_card":"summary_large_image","twitter_misc":{"Written by":"Myah Wilmarth","Est. reading time":"1 minute"},"schema":{"@context":"https:\/\/schema.org","@graph":[{"@type":"NewsArticle","@id":"https:\/\/www.newmexicopbs.org\/productions\/newmexicoinfocus\/native-voices-on-the-election\/#article","isPartOf":{"@id":"https:\/\/www.newmexicopbs.org\/productions\/newmexicoinfocus\/native-voices-on-the-election\/"},"author":{"name":"Myah Wilmarth","@id":"https:\/\/www.newmexicopbs.org\/productions\/newmexicoinfocus\/#\/schema\/person\/1e9e7899d475db7fec255f4def0fecc9"},"headline":"Native Voices on the Election","datePublished":"2024-10-18T16:04:10+00:00","dateModified":"2024-10-18T20:17:56+00:00","mainEntityOfPage":{"@id":"https:\/\/www.newmexicopbs.org\/productions\/newmexicoinfocus\/native-voices-on-the-election\/"},"wordCount":124,"image":{"@id":"https:\/\/www.newmexicopbs.org\/productions\/newmexicoinfocus\/native-voices-on-the-election\/#primaryimage"},"thumbnailUrl":"https:\/\/www.newmexicopbs.org\/productions\/newmexicoinfocus\/wp-content\/uploads\/2024\/10\/Segment-2-Native-Voices-on-the-Election.png","keywords":["@bladvs","Bella Davis","Election","Gaza","Indigenous Affairs","Israel","Native voices","Native voters","New Mexico in Depth","no vote","third party","young voters"],"articleSection":["Segments"],"inLanguage":"en-US"},{"@type":"WebPage","@id":"https:\/\/www.newmexicopbs.org\/productions\/newmexicoinfocus\/native-voices-on-the-election\/","url":"https:\/\/www.newmexicopbs.org\/productions\/newmexicoinfocus\/native-voices-on-the-election\/","name":"Native Voices on the Election - New Mexico In Focus","isPartOf":{"@id":"https:\/\/www.newmexicopbs.org\/productions\/newmexicoinfocus\/#website"},"primaryImageOfPage":{"@id":"https:\/\/www.newmexicopbs.org\/productions\/newmexicoinfocus\/native-voices-on-the-election\/#primaryimage"},"image":{"@id":"https:\/\/www.newmexicopbs.org\/productions\/newmexicoinfocus\/native-voices-on-the-election\/#primaryimage"},"thumbnailUrl":"https:\/\/www.newmexicopbs.org\/productions\/newmexicoinfocus\/wp-content\/uploads\/2024\/10\/Segment-2-Native-Voices-on-the-Election.png","datePublished":"2024-10-18T16:04:10+00:00","dateModified":"2024-10-18T20:17:56+00:00","author":{"@id":"https:\/\/www.newmexicopbs.org\/productions\/newmexicoinfocus\/#\/schema\/person\/1e9e7899d475db7fec255f4def0fecc9"},"breadcrumb":{"@id":"https:\/\/www.newmexicopbs.org\/productions\/newmexicoinfocus\/native-voices-on-the-election\/#breadcrumb"},"inLanguage":"en-US","potentialAction":[{"@type":"ReadAction","target":["https:\/\/www.newmexicopbs.org\/productions\/newmexicoinfocus\/native-voices-on-the-election\/"]}]},{"@type":"ImageObject","inLanguage":"en-US","@id":"https:\/\/www.newmexicopbs.org\/productions\/newmexicoinfocus\/native-voices-on-the-election\/#primaryimage","url":"https:\/\/www.newmexicopbs.org\/productions\/newmexicoinfocus\/wp-content\/uploads\/2024\/10\/Segment-2-Native-Voices-on-the-Election.png","contentUrl":"https:\/\/www.newmexicopbs.org\/productions\/newmexicoinfocus\/wp-content\/uploads\/2024\/10\/Segment-2-Native-Voices-on-the-Election.png","width":1920,"height":1080,"caption":"Two people walking on a sidewalk, both wearing casual clothing and glasses. The person on the right wears a cap. Other people are in the background, and shops line the street."},{"@type":"BreadcrumbList","@id":"https:\/\/www.newmexicopbs.org\/productions\/newmexicoinfocus\/native-voices-on-the-election\/#breadcrumb","itemListElement":[{"@type":"ListItem","position":1,"name":"Home","item":"https:\/\/www.newmexicopbs.org\/productions\/newmexicoinfocus\/"},{"@type":"ListItem","position":2,"name":"Native Voices on the Election"}]},{"@type":"WebSite","@id":"https:\/\/www.newmexicopbs.org\/productions\/newmexicoinfocus\/#website","url":"https:\/\/www.newmexicopbs.org\/productions\/newmexicoinfocus\/","name":"New Mexico In Focus","description":"Involved, Informed, In-depth Journalism","potentialAction":[{"@type":"SearchAction","target":{"@type":"EntryPoint","urlTemplate":"https:\/\/www.newmexicopbs.org\/productions\/newmexicoinfocus\/?s={search_term_string}"},"query-input":{"@type":"PropertyValueSpecification","valueRequired":true,"valueName":"search_term_string"}}],"inLanguage":"en-US"},{"@type":"Person","@id":"https:\/\/www.newmexicopbs.org\/productions\/newmexicoinfocus\/#\/schema\/person\/1e9e7899d475db7fec255f4def0fecc9","name":"Myah Wilmarth","image":{"@type":"ImageObject","inLanguage":"en-US","@id":"https:\/\/secure.gravatar.com\/avatar\/8da23173f443f0d7b4de196f42fca2c5efe5a110156a3e8c9bdb8e74726bb6ce?s=96&d=mm&r=g","url":"https:\/\/secure.gravatar.com\/avatar\/8da23173f443f0d7b4de196f42fca2c5efe5a110156a3e8c9bdb8e74726bb6ce?s=96&d=mm&r=g","contentUrl":"https:\/\/secure.gravatar.com\/avatar\/8da23173f443f0d7b4de196f42fca2c5efe5a110156a3e8c9bdb8e74726bb6ce?s=96&d=mm&r=g","caption":"Myah Wilmarth"},"url":"https:\/\/www.newmexicopbs.org\/productions\/newmexicoinfocus\/author\/myah\/"}]}},"_links":{"self":[{"href":"https:\/\/www.newmexicopbs.org\/productions\/newmexicoinfocus\/wp-json\/wp\/v2\/posts\/45860","targetHints":{"allow":["GET"]}}],"collection":[{"href":"https:\/\/www.newmexicopbs.org\/productions\/newmexicoinfocus\/wp-json\/wp\/v2\/posts"}],"about":[{"href":"https:\/\/www.newmexicopbs.org\/productions\/newmexicoinfocus\/wp-json\/wp\/v2\/types\/post"}],"author":[{"embeddable":true,"href":"https:\/\/www.newmexicopbs.org\/productions\/newmexicoinfocus\/wp-json\/wp\/v2\/users\/14"}],"replies":[{"embeddable":true,"href":"https:\/\/www.newmexicopbs.org\/productions\/newmexicoinfocus\/wp-json\/wp\/v2\/comments?post=45860"}],"version-history":[{"count":3,"href":"https:\/\/www.newmexicopbs.org\/productions\/newmexicoinfocus\/wp-json\/wp\/v2\/posts\/45860\/revisions"}],"predecessor-version":[{"id":45870,"href":"https:\/\/www.newmexicopbs.org\/productions\/newmexicoinfocus\/wp-json\/wp\/v2\/posts\/45860\/revisions\/45870"}],"wp:featuredmedia":[{"embeddable":true,"href":"https:\/\/www.newmexicopbs.org\/productions\/newmexicoinfocus\/wp-json\/wp\/v2\/media\/45866"}],"wp:attachment":[{"href":"https:\/\/www.newmexicopbs.org\/productions\/newmexicoinfocus\/wp-json\/wp\/v2\/media?parent=45860"}],"wp:term":[{"taxonomy":"category","embeddable":true,"href":"https:\/\/www.newmexicopbs.org\/productions\/newmexicoinfocus\/wp-json\/wp\/v2\/categories?post=45860"},{"taxonomy":"post_tag","embeddable":true,"href":"https:\/\/www.newmexicopbs.org\/productions\/newmexicoinfocus\/wp-json\/wp\/v2\/tags?post=45860"}],"curies":[{"name":"wp","href":"https:\/\/api.w.org\/{rel}","templated":true}]}}