{"id":18407,"date":"2020-10-12T09:22:25","date_gmt":"2020-10-12T16:22:25","guid":{"rendered":"https:\/\/www.newmexicopbs.org\/productions\/newmexicoinfocus\/?p=18407"},"modified":"2020-10-12T09:22:33","modified_gmt":"2020-10-12T16:22:33","slug":"whats-at-stake","status":"publish","type":"post","link":"https:\/\/www.newmexicopbs.org\/productions\/newmexicoinfocus\/whats-at-stake\/","title":{"rendered":"What&#8217;s at Stake?"},"content":{"rendered":"\n<iframe loading=\"lazy\" src=\"https:\/\/anchor.fm\/nomorenormal\/embed\/episodes\/Whats-at-Stake-ektpp3\" height=\"102px\" width=\"400px\" frameborder=\"0\" scrolling=\"no\"><\/iframe>\n\n\n\n<div style=\"height:30px\" aria-hidden=\"true\" class=\"wp-block-spacer\"><\/div>\n\n\n\n<p>Let\u2019s take a breath. In episode 12, we try to fend off that wild pandemic election news cycle we\u2019ve been living inside of, which can feel like a deluge of disorganized tragedies and failures. And we put the focus on what\u2019s hanging in the balance these next couple of weeks as we cast our ballots.<\/p>\n\n\n\n<p><a href=\"https:\/\/climate.nasa.gov\/scientific-consensus\/\">Ninety-seven percent of climate scientists agree<\/a>: climate change is real. That comes from NASA. You\u2019re probably sweating a little more than usual. Your world is getting hotter. Or maybe temperatures near you snap all of a sudden instead of the seasons flowing into one another gradually like they do in your memories.&nbsp;<\/p>\n\n\n\n<p>Here\u2019s a consequence that doesn\u2019t get a lot of attention in the news: Migration is often a climate change issue, too. People are forced to flee their home countries for U.S. borders because climate change messed with their crops\u2014their food and their livelihoods.&nbsp;<\/p>\n\n\n\n<p>Environmental reporter Laura Paskus just published a book called&nbsp;<a href=\"https:\/\/unmpress.com\/books\/precipice\/9780826359117\"><em>At The Precipice: New Mexico\u2019s Changing Climate<\/em><\/a>. She tells us there&#8217;s a good chance the Rio Grande will dry up through Albuquerque in the coming week for the first time since the &#8217;70s.&nbsp;<\/p>\n\n\n\n<p>So many of us are sick of politics, and plenty of people feel disconnected from elections.&nbsp;<a href=\"https:\/\/www.amacad.org\/\">The American Academy of Arts and Sciences<\/a>&nbsp;is&nbsp;an organization that for almost 250 years has been tasked with generating new ideas. The academy sent researchers to travel the United States to talk with disappointed and frustrated citizens. They came up with&nbsp;<a href=\"https:\/\/www.amacad.org\/sites\/default\/files\/publication\/downloads\/2020-Democratic-Citizenship_Our-Common-Purpose_0.pdf\">recommendations<\/a>&nbsp;about how we can evolve our practice of democracy and get back to where our government works for us.&nbsp;<a href=\"https:\/\/www.rbf.org\/people\/stephen-heintz\">Stephen Heintz&nbsp;<\/a>co-leads the project.&nbsp;<\/p>\n\n\n\n<p><strong>Check out the full report.<\/strong>&nbsp;&#8220;<a href=\"https:\/\/www.amacad.org\/sites\/default\/files\/publication\/downloads\/2020-Democratic-Citizenship_Our-Common-Purpose_0.pdf\"><strong>Our Common Purpose: Reinventing American Democracy for the 21st Century<\/strong><\/a>.&#8221;<\/p>\n\n\n\n<p>Continuing the&nbsp;<a href=\"https:\/\/www.kunm.org\/term\/voices-behind-vote\">Voices Behind the Vote<\/a>&nbsp;series, reporter Nash Jones speaks with former Albuquerque police officer Debbie Kuidis about the changes to policing she wants to see politicians affect, and why she\u2019s paying attention to political races from the national to the local level.<\/p>\n\n\n\n<p>In 2020, people are fighting to preserve voting rights.&nbsp;Nia Rucker is policy council heading up that work at&nbsp;<a href=\"https:\/\/www.aclu-nm.org\/\">ACLU New Mexico<\/a>. She explains what the organization is doing to protect your ballot.<\/p>\n\n\n\n<p>Quality health care and access to health care have always been critical issues. Who could argue otherwise, especially during the pandemic? Dr. Anthony Fleg has a lot of titles in New Mexico, including coordinator of the&nbsp;<a href=\"https:\/\/lovingservice.us\/\">Native Health Initiative<\/a>, director of&nbsp;<a href=\"https:\/\/runningmedicine.org\/\">Running Medicine<\/a>, instructor at&nbsp;<a href=\"https:\/\/hsc.unm.edu\/medicine\/departments\/family-community\/\">UNM&#8217;s Department of Family and Community Medicine<\/a>&nbsp;and also at the&nbsp;<a href=\"https:\/\/hsc.unm.edu\/population-health\/\">College of Population Health<\/a>. And he&#8217;s a family practice physician. He walks us through global equity issues in medicine when it comes to vaccines and treatments.<\/p>\n\n\n\n<p>Combat veteran and Black New Mexico Movement organizer Barbara Jordan in&nbsp;<a href=\"https:\/\/www.kunm.org\/post\/counter-protestors-antagonize-black-new-mexico-movement-rally-rio-rancho\">Rio Rancho<\/a>&nbsp;says the American flag is hers. She fought for it, she says, and she&#8217;s not going to let it be co-opted by racists. In this conversation, she connects racism with specific policies and needs across the country that we should be keeping an eye on during this crucial election.&nbsp;<\/p>\n\n\n\n<p>Special thanks to:<\/p>\n\n\n\n<ul class=\"wp-block-list\"><li>Ty Bannerman and Kaveh Mowahed for the editing help this week<\/li><li>Shoutout to ace reporter Nash Jones for their voter profile<\/li><li>Cheo, Jazztone the Producer, Dahm Life and Ow Lawd records for providing music for the show<\/li><li>Khaki, Pope Yesyesyall and Bigawatt produced some of the shows themes.<\/li><\/ul>\n\n\n\n<p><strong>The image for this episode comes from artist&nbsp;<a href=\"https:\/\/paseoproject.org\/portfolio\/bert-benally\/\">Bert Benally<\/a>.<\/strong><\/p>\n\n\n\n<p>*****<\/p>\n\n\n\n<p><em>No More Normal is brought to you by Your New Mexico Government, a collaboration between KUNM,<\/em><a href=\"https:\/\/www.newmexicopbs.org\/\">&nbsp;<em>New Mexico PBS<\/em><\/a><em>&nbsp;and<\/em><a href=\"https:\/\/www.sfreporter.com\/\">&nbsp;<em>The Santa Fe Reporter<\/em><\/a><em>. Funding for our coverage comes from The New Mexico Local News Fund, The Kellogg Foundation and KUNM listeners. Support for public media provided by the Thornburg Foundation.<\/em><\/p>\n","protected":false},"excerpt":{"rendered":"<p>Let\u2019s take a breath. In episode 12, we try to fend off that wild pandemic election news cycle we\u2019ve been living inside of, which can feel like a deluge of disorganized tragedies and failures. And we put the focus on what\u2019s hanging in the balance these next couple of weeks as we cast our ballots.&hellip;<\/p>\n","protected":false},"author":14,"featured_media":18409,"comment_status":"closed","ping_status":"open","sticky":false,"template":"","format":"standard","meta":{"footnotes":""},"categories":[4143],"tags":[3628,6014,335,6141,6146,741,6151,5990,422,6150,6144,6149,3233,72,113,6145,5260,6147,5446,491,647,861,2228,6148,6142,199,6143,631,6084,208],"class_list":["post-18407","post","type-post","status-publish","format-standard","has-post-thumbnail","hentry","category-podcast","tag-2020-election","tag-aclu-new-mexico","tag-albuquerque-police-department","tag-american-academy-of-arts-and-sciences","tag-anthony-fleg","tag-apd","tag-barbara-jordan","tag-black-new-mexico-movement","tag-climate-change","tag-college-of-population-health","tag-debbie-kuidis","tag-department-of-family-and-community-medicine","tag-election-2020","tag-environment","tag-laura-paskus","tag-migration","tag-nash-jones","tag-native-health-iniative","tag-no-more-normal","tag-police","tag-racism","tag-rio-grande","tag-rio-rancho","tag-running-medicine","tag-stephen-heintz","tag-unm","tag-vbtv","tag-veterans","tag-voices-behind-the-vote","tag-water"],"yoast_head":"<!-- This site is optimized with the Yoast SEO plugin v27.4 - https:\/\/yoast.com\/product\/yoast-seo-wordpress\/ -->\n<title>What&#039;s at Stake? - New Mexico In Focus<\/title>\n<meta name=\"robots\" content=\"index, follow, max-snippet:-1, max-image-preview:large, max-video-preview:-1\" \/>\n<link rel=\"canonical\" href=\"https:\/\/www.newmexicopbs.org\/productions\/newmexicoinfocus\/whats-at-stake\/\" \/>\n<meta property=\"og:locale\" content=\"en_US\" \/>\n<meta property=\"og:type\" content=\"article\" \/>\n<meta property=\"og:title\" content=\"What&#039;s at Stake? - New Mexico In Focus\" \/>\n<meta property=\"og:description\" content=\"Let\u2019s take a breath. In episode 12, we try to fend off that wild pandemic election news cycle we\u2019ve been living inside of, which can feel like a deluge of disorganized tragedies and failures. And we put the focus on what\u2019s hanging in the balance these next couple of weeks as we cast our ballots.&hellip;\" \/>\n<meta property=\"og:url\" content=\"https:\/\/www.newmexicopbs.org\/productions\/newmexicoinfocus\/whats-at-stake\/\" \/>\n<meta property=\"og:site_name\" content=\"New Mexico In Focus\" \/>\n<meta property=\"article:published_time\" content=\"2020-10-12T16:22:25+00:00\" \/>\n<meta property=\"article:modified_time\" content=\"2020-10-12T16:22:33+00:00\" \/>\n<meta property=\"og:image\" content=\"https:\/\/www.newmexicopbs.org\/productions\/newmexicoinfocus\/wp-content\/uploads\/2020\/10\/ep-12.jpg\" \/>\n\t<meta property=\"og:image:width\" content=\"1920\" \/>\n\t<meta property=\"og:image:height\" content=\"1080\" \/>\n\t<meta property=\"og:image:type\" content=\"image\/jpeg\" \/>\n<meta name=\"author\" content=\"Myah Wilmarth\" \/>\n<meta name=\"twitter:card\" content=\"summary_large_image\" \/>\n<meta name=\"twitter:label1\" content=\"Written by\" \/>\n\t<meta name=\"twitter:data1\" content=\"Myah Wilmarth\" \/>\n\t<meta name=\"twitter:label2\" content=\"Est. reading time\" \/>\n\t<meta name=\"twitter:data2\" content=\"3 minutes\" \/>\n<script type=\"application\/ld+json\" class=\"yoast-schema-graph\">{\"@context\":\"https:\\\/\\\/schema.org\",\"@graph\":[{\"@type\":\"NewsArticle\",\"@id\":\"https:\\\/\\\/www.newmexicopbs.org\\\/productions\\\/newmexicoinfocus\\\/whats-at-stake\\\/#article\",\"isPartOf\":{\"@id\":\"https:\\\/\\\/www.newmexicopbs.org\\\/productions\\\/newmexicoinfocus\\\/whats-at-stake\\\/\"},\"author\":{\"name\":\"Myah Wilmarth\",\"@id\":\"https:\\\/\\\/www.newmexicopbs.org\\\/productions\\\/newmexicoinfocus\\\/#\\\/schema\\\/person\\\/1e9e7899d475db7fec255f4def0fecc9\"},\"headline\":\"What&#8217;s at Stake?\",\"datePublished\":\"2020-10-12T16:22:25+00:00\",\"dateModified\":\"2020-10-12T16:22:33+00:00\",\"mainEntityOfPage\":{\"@id\":\"https:\\\/\\\/www.newmexicopbs.org\\\/productions\\\/newmexicoinfocus\\\/whats-at-stake\\\/\"},\"wordCount\":667,\"image\":{\"@id\":\"https:\\\/\\\/www.newmexicopbs.org\\\/productions\\\/newmexicoinfocus\\\/whats-at-stake\\\/#primaryimage\"},\"thumbnailUrl\":\"https:\\\/\\\/www.newmexicopbs.org\\\/productions\\\/newmexicoinfocus\\\/wp-content\\\/uploads\\\/2020\\\/10\\\/ep-12.jpg\",\"keywords\":[\"2020 election\",\"ACLU New Mexico\",\"Albuquerque Police Department\",\"American Academy of Arts and Sciences\",\"Anthony Fleg\",\"APD\",\"Barbara Jordan\",\"Black New Mexico Movement\",\"climate change\",\"College of Population Health\",\"Debbie Kuidis\",\"Department of Family and Community medicine\",\"election 2020\",\"environment\",\"Laura Paskus\",\"Migration\",\"Nash Jones\",\"Native Health Iniative\",\"No More Normal\",\"police\",\"racism\",\"rio grande\",\"Rio Rancho\",\"Running Medicine\",\"Stephen Heintz\",\"UNM\",\"VBTV\",\"veterans\",\"Voices Behind the Vote\",\"Water\"],\"articleSection\":[\"No More Normal Podcast\"],\"inLanguage\":\"en-US\"},{\"@type\":\"WebPage\",\"@id\":\"https:\\\/\\\/www.newmexicopbs.org\\\/productions\\\/newmexicoinfocus\\\/whats-at-stake\\\/\",\"url\":\"https:\\\/\\\/www.newmexicopbs.org\\\/productions\\\/newmexicoinfocus\\\/whats-at-stake\\\/\",\"name\":\"What's at Stake? - New Mexico In Focus\",\"isPartOf\":{\"@id\":\"https:\\\/\\\/www.newmexicopbs.org\\\/productions\\\/newmexicoinfocus\\\/#website\"},\"primaryImageOfPage\":{\"@id\":\"https:\\\/\\\/www.newmexicopbs.org\\\/productions\\\/newmexicoinfocus\\\/whats-at-stake\\\/#primaryimage\"},\"image\":{\"@id\":\"https:\\\/\\\/www.newmexicopbs.org\\\/productions\\\/newmexicoinfocus\\\/whats-at-stake\\\/#primaryimage\"},\"thumbnailUrl\":\"https:\\\/\\\/www.newmexicopbs.org\\\/productions\\\/newmexicoinfocus\\\/wp-content\\\/uploads\\\/2020\\\/10\\\/ep-12.jpg\",\"datePublished\":\"2020-10-12T16:22:25+00:00\",\"dateModified\":\"2020-10-12T16:22:33+00:00\",\"author\":{\"@id\":\"https:\\\/\\\/www.newmexicopbs.org\\\/productions\\\/newmexicoinfocus\\\/#\\\/schema\\\/person\\\/1e9e7899d475db7fec255f4def0fecc9\"},\"breadcrumb\":{\"@id\":\"https:\\\/\\\/www.newmexicopbs.org\\\/productions\\\/newmexicoinfocus\\\/whats-at-stake\\\/#breadcrumb\"},\"inLanguage\":\"en-US\",\"potentialAction\":[{\"@type\":\"ReadAction\",\"target\":[\"https:\\\/\\\/www.newmexicopbs.org\\\/productions\\\/newmexicoinfocus\\\/whats-at-stake\\\/\"]}]},{\"@type\":\"ImageObject\",\"inLanguage\":\"en-US\",\"@id\":\"https:\\\/\\\/www.newmexicopbs.org\\\/productions\\\/newmexicoinfocus\\\/whats-at-stake\\\/#primaryimage\",\"url\":\"https:\\\/\\\/www.newmexicopbs.org\\\/productions\\\/newmexicoinfocus\\\/wp-content\\\/uploads\\\/2020\\\/10\\\/ep-12.jpg\",\"contentUrl\":\"https:\\\/\\\/www.newmexicopbs.org\\\/productions\\\/newmexicoinfocus\\\/wp-content\\\/uploads\\\/2020\\\/10\\\/ep-12.jpg\",\"width\":1920,\"height\":1080,\"caption\":\"\u2018Ats\u00e1 hwin\u00edye\u2019 ni\u0142 h\u00f3l\u00f3odo (BERT BENALLY)\"},{\"@type\":\"BreadcrumbList\",\"@id\":\"https:\\\/\\\/www.newmexicopbs.org\\\/productions\\\/newmexicoinfocus\\\/whats-at-stake\\\/#breadcrumb\",\"itemListElement\":[{\"@type\":\"ListItem\",\"position\":1,\"name\":\"Home\",\"item\":\"https:\\\/\\\/www.newmexicopbs.org\\\/productions\\\/newmexicoinfocus\\\/\"},{\"@type\":\"ListItem\",\"position\":2,\"name\":\"What&#8217;s at Stake?\"}]},{\"@type\":\"WebSite\",\"@id\":\"https:\\\/\\\/www.newmexicopbs.org\\\/productions\\\/newmexicoinfocus\\\/#website\",\"url\":\"https:\\\/\\\/www.newmexicopbs.org\\\/productions\\\/newmexicoinfocus\\\/\",\"name\":\"New Mexico In Focus\",\"description\":\"Involved, Informed, In-depth Journalism\",\"potentialAction\":[{\"@type\":\"SearchAction\",\"target\":{\"@type\":\"EntryPoint\",\"urlTemplate\":\"https:\\\/\\\/www.newmexicopbs.org\\\/productions\\\/newmexicoinfocus\\\/?s={search_term_string}\"},\"query-input\":{\"@type\":\"PropertyValueSpecification\",\"valueRequired\":true,\"valueName\":\"search_term_string\"}}],\"inLanguage\":\"en-US\"},{\"@type\":\"Person\",\"@id\":\"https:\\\/\\\/www.newmexicopbs.org\\\/productions\\\/newmexicoinfocus\\\/#\\\/schema\\\/person\\\/1e9e7899d475db7fec255f4def0fecc9\",\"name\":\"Myah Wilmarth\",\"image\":{\"@type\":\"ImageObject\",\"inLanguage\":\"en-US\",\"@id\":\"https:\\\/\\\/secure.gravatar.com\\\/avatar\\\/8da23173f443f0d7b4de196f42fca2c5efe5a110156a3e8c9bdb8e74726bb6ce?s=96&d=mm&r=g\",\"url\":\"https:\\\/\\\/secure.gravatar.com\\\/avatar\\\/8da23173f443f0d7b4de196f42fca2c5efe5a110156a3e8c9bdb8e74726bb6ce?s=96&d=mm&r=g\",\"contentUrl\":\"https:\\\/\\\/secure.gravatar.com\\\/avatar\\\/8da23173f443f0d7b4de196f42fca2c5efe5a110156a3e8c9bdb8e74726bb6ce?s=96&d=mm&r=g\",\"caption\":\"Myah Wilmarth\"},\"url\":\"https:\\\/\\\/www.newmexicopbs.org\\\/productions\\\/newmexicoinfocus\\\/author\\\/myah\\\/\"}]}<\/script>\n<!-- \/ Yoast SEO plugin. -->","yoast_head_json":{"title":"What's at Stake? - New Mexico In Focus","robots":{"index":"index","follow":"follow","max-snippet":"max-snippet:-1","max-image-preview":"max-image-preview:large","max-video-preview":"max-video-preview:-1"},"canonical":"https:\/\/www.newmexicopbs.org\/productions\/newmexicoinfocus\/whats-at-stake\/","og_locale":"en_US","og_type":"article","og_title":"What's at Stake? - New Mexico In Focus","og_description":"Let\u2019s take a breath. In episode 12, we try to fend off that wild pandemic election news cycle we\u2019ve been living inside of, which can feel like a deluge of disorganized tragedies and failures. And we put the focus on what\u2019s hanging in the balance these next couple of weeks as we cast our ballots.&hellip;","og_url":"https:\/\/www.newmexicopbs.org\/productions\/newmexicoinfocus\/whats-at-stake\/","og_site_name":"New Mexico In Focus","article_published_time":"2020-10-12T16:22:25+00:00","article_modified_time":"2020-10-12T16:22:33+00:00","og_image":[{"width":1920,"height":1080,"url":"https:\/\/www.newmexicopbs.org\/productions\/newmexicoinfocus\/wp-content\/uploads\/2020\/10\/ep-12.jpg","type":"image\/jpeg"}],"author":"Myah Wilmarth","twitter_card":"summary_large_image","twitter_misc":{"Written by":"Myah Wilmarth","Est. reading time":"3 minutes"},"schema":{"@context":"https:\/\/schema.org","@graph":[{"@type":"NewsArticle","@id":"https:\/\/www.newmexicopbs.org\/productions\/newmexicoinfocus\/whats-at-stake\/#article","isPartOf":{"@id":"https:\/\/www.newmexicopbs.org\/productions\/newmexicoinfocus\/whats-at-stake\/"},"author":{"name":"Myah Wilmarth","@id":"https:\/\/www.newmexicopbs.org\/productions\/newmexicoinfocus\/#\/schema\/person\/1e9e7899d475db7fec255f4def0fecc9"},"headline":"What&#8217;s at Stake?","datePublished":"2020-10-12T16:22:25+00:00","dateModified":"2020-10-12T16:22:33+00:00","mainEntityOfPage":{"@id":"https:\/\/www.newmexicopbs.org\/productions\/newmexicoinfocus\/whats-at-stake\/"},"wordCount":667,"image":{"@id":"https:\/\/www.newmexicopbs.org\/productions\/newmexicoinfocus\/whats-at-stake\/#primaryimage"},"thumbnailUrl":"https:\/\/www.newmexicopbs.org\/productions\/newmexicoinfocus\/wp-content\/uploads\/2020\/10\/ep-12.jpg","keywords":["2020 election","ACLU New Mexico","Albuquerque Police Department","American Academy of Arts and Sciences","Anthony Fleg","APD","Barbara Jordan","Black New Mexico Movement","climate change","College of Population Health","Debbie Kuidis","Department of Family and Community medicine","election 2020","environment","Laura Paskus","Migration","Nash Jones","Native Health Iniative","No More Normal","police","racism","rio grande","Rio Rancho","Running Medicine","Stephen Heintz","UNM","VBTV","veterans","Voices Behind the Vote","Water"],"articleSection":["No More Normal Podcast"],"inLanguage":"en-US"},{"@type":"WebPage","@id":"https:\/\/www.newmexicopbs.org\/productions\/newmexicoinfocus\/whats-at-stake\/","url":"https:\/\/www.newmexicopbs.org\/productions\/newmexicoinfocus\/whats-at-stake\/","name":"What's at Stake? - New Mexico In Focus","isPartOf":{"@id":"https:\/\/www.newmexicopbs.org\/productions\/newmexicoinfocus\/#website"},"primaryImageOfPage":{"@id":"https:\/\/www.newmexicopbs.org\/productions\/newmexicoinfocus\/whats-at-stake\/#primaryimage"},"image":{"@id":"https:\/\/www.newmexicopbs.org\/productions\/newmexicoinfocus\/whats-at-stake\/#primaryimage"},"thumbnailUrl":"https:\/\/www.newmexicopbs.org\/productions\/newmexicoinfocus\/wp-content\/uploads\/2020\/10\/ep-12.jpg","datePublished":"2020-10-12T16:22:25+00:00","dateModified":"2020-10-12T16:22:33+00:00","author":{"@id":"https:\/\/www.newmexicopbs.org\/productions\/newmexicoinfocus\/#\/schema\/person\/1e9e7899d475db7fec255f4def0fecc9"},"breadcrumb":{"@id":"https:\/\/www.newmexicopbs.org\/productions\/newmexicoinfocus\/whats-at-stake\/#breadcrumb"},"inLanguage":"en-US","potentialAction":[{"@type":"ReadAction","target":["https:\/\/www.newmexicopbs.org\/productions\/newmexicoinfocus\/whats-at-stake\/"]}]},{"@type":"ImageObject","inLanguage":"en-US","@id":"https:\/\/www.newmexicopbs.org\/productions\/newmexicoinfocus\/whats-at-stake\/#primaryimage","url":"https:\/\/www.newmexicopbs.org\/productions\/newmexicoinfocus\/wp-content\/uploads\/2020\/10\/ep-12.jpg","contentUrl":"https:\/\/www.newmexicopbs.org\/productions\/newmexicoinfocus\/wp-content\/uploads\/2020\/10\/ep-12.jpg","width":1920,"height":1080,"caption":"\u2018Ats\u00e1 hwin\u00edye\u2019 ni\u0142 h\u00f3l\u00f3odo (BERT BENALLY)"},{"@type":"BreadcrumbList","@id":"https:\/\/www.newmexicopbs.org\/productions\/newmexicoinfocus\/whats-at-stake\/#breadcrumb","itemListElement":[{"@type":"ListItem","position":1,"name":"Home","item":"https:\/\/www.newmexicopbs.org\/productions\/newmexicoinfocus\/"},{"@type":"ListItem","position":2,"name":"What&#8217;s at Stake?"}]},{"@type":"WebSite","@id":"https:\/\/www.newmexicopbs.org\/productions\/newmexicoinfocus\/#website","url":"https:\/\/www.newmexicopbs.org\/productions\/newmexicoinfocus\/","name":"New Mexico In Focus","description":"Involved, Informed, In-depth Journalism","potentialAction":[{"@type":"SearchAction","target":{"@type":"EntryPoint","urlTemplate":"https:\/\/www.newmexicopbs.org\/productions\/newmexicoinfocus\/?s={search_term_string}"},"query-input":{"@type":"PropertyValueSpecification","valueRequired":true,"valueName":"search_term_string"}}],"inLanguage":"en-US"},{"@type":"Person","@id":"https:\/\/www.newmexicopbs.org\/productions\/newmexicoinfocus\/#\/schema\/person\/1e9e7899d475db7fec255f4def0fecc9","name":"Myah Wilmarth","image":{"@type":"ImageObject","inLanguage":"en-US","@id":"https:\/\/secure.gravatar.com\/avatar\/8da23173f443f0d7b4de196f42fca2c5efe5a110156a3e8c9bdb8e74726bb6ce?s=96&d=mm&r=g","url":"https:\/\/secure.gravatar.com\/avatar\/8da23173f443f0d7b4de196f42fca2c5efe5a110156a3e8c9bdb8e74726bb6ce?s=96&d=mm&r=g","contentUrl":"https:\/\/secure.gravatar.com\/avatar\/8da23173f443f0d7b4de196f42fca2c5efe5a110156a3e8c9bdb8e74726bb6ce?s=96&d=mm&r=g","caption":"Myah Wilmarth"},"url":"https:\/\/www.newmexicopbs.org\/productions\/newmexicoinfocus\/author\/myah\/"}]}},"_links":{"self":[{"href":"https:\/\/www.newmexicopbs.org\/productions\/newmexicoinfocus\/wp-json\/wp\/v2\/posts\/18407","targetHints":{"allow":["GET"]}}],"collection":[{"href":"https:\/\/www.newmexicopbs.org\/productions\/newmexicoinfocus\/wp-json\/wp\/v2\/posts"}],"about":[{"href":"https:\/\/www.newmexicopbs.org\/productions\/newmexicoinfocus\/wp-json\/wp\/v2\/types\/post"}],"author":[{"embeddable":true,"href":"https:\/\/www.newmexicopbs.org\/productions\/newmexicoinfocus\/wp-json\/wp\/v2\/users\/14"}],"replies":[{"embeddable":true,"href":"https:\/\/www.newmexicopbs.org\/productions\/newmexicoinfocus\/wp-json\/wp\/v2\/comments?post=18407"}],"version-history":[{"count":1,"href":"https:\/\/www.newmexicopbs.org\/productions\/newmexicoinfocus\/wp-json\/wp\/v2\/posts\/18407\/revisions"}],"predecessor-version":[{"id":18410,"href":"https:\/\/www.newmexicopbs.org\/productions\/newmexicoinfocus\/wp-json\/wp\/v2\/posts\/18407\/revisions\/18410"}],"wp:featuredmedia":[{"embeddable":true,"href":"https:\/\/www.newmexicopbs.org\/productions\/newmexicoinfocus\/wp-json\/wp\/v2\/media\/18409"}],"wp:attachment":[{"href":"https:\/\/www.newmexicopbs.org\/productions\/newmexicoinfocus\/wp-json\/wp\/v2\/media?parent=18407"}],"wp:term":[{"taxonomy":"category","embeddable":true,"href":"https:\/\/www.newmexicopbs.org\/productions\/newmexicoinfocus\/wp-json\/wp\/v2\/categories?post=18407"},{"taxonomy":"post_tag","embeddable":true,"href":"https:\/\/www.newmexicopbs.org\/productions\/newmexicoinfocus\/wp-json\/wp\/v2\/tags?post=18407"}],"curies":[{"name":"wp","href":"https:\/\/api.w.org\/{rel}","templated":true}]}}